{"id":36065,"date":"2026-09-05T14:36:22","date_gmt":"2026-09-05T17:36:22","guid":{"rendered":"https:\/\/acontecenafronteira.com.br\/?p=36065"},"modified":"2026-09-05T14:36:22","modified_gmt":"2026-09-05T17:36:22","slug":"bebe-de-7-meses-morre-em-tombamento-de-caminhao-no-pr","status":"publish","type":"post","link":"https:\/\/acontecenafronteira.com.br\/index.php\/2026\/09\/05\/bebe-de-7-meses-morre-em-tombamento-de-caminhao-no-pr\/","title":{"rendered":"Beb\u00ea de 7 meses morre em tombamento de caminh\u00e3o no PR"},"content":{"rendered":"<p>Um grave acidente registrado na manh\u00e3 deste s\u00e1bado (5) na BR-369, em Ibipor\u00e3, na regi\u00e3o norte paranaense, resultou na morte de um beb\u00ea de apenas sete meses de idade. A crian\u00e7a foi arremessada para fora da cabine de um caminh\u00e3o que transportava uma carga de arroz e acabou tombando na rodovia estadual.<\/p>\n<h2>Din\u00e2mica do acidente na BR-369<\/h2>\n<p>O ve\u00edculo seguia no sentido de Ibipor\u00e3 para Jataizinho quando o motorista perdeu o controle da dire\u00e7\u00e3o. O pai, de 34 anos, conduzia o caminh\u00e3o, enquanto a m\u00e3e, de 20 anos, ocupava o banco do carona junto com o filho pequeno.<\/p>\n<p>De acordo com informa\u00e7\u00f5es repassadas pela Pol\u00edcia Rodovi\u00e1ria Federal (PRF), ainda n\u00e3o foi poss\u00edvel determinar com exatid\u00e3o como o menino era transportado no interior da cabine no momento da batida. A principal suspeita das autoridades \u00e9 de que ele estivesse sem os dispositivos de seguran\u00e7a obrigat\u00f3rios.<\/p>\n<h2>Resgate e buscas pela crian\u00e7a<\/h2>\n<p>Testemunhas que presenciaram a ocorr\u00eancia relataram que, ap\u00f3s o tombamento inicial, o ve\u00edculo pesado ainda deslizou pelo asfalto at\u00e9 colidir violentamente contra um pared\u00e3o de pedras localizado na marginal da estrada. Nenhum outro autom\u00f3vel se envolveu na din\u00e2mica do sinistro.<\/p>\n<p>A m\u00e3e da v\u00edtima ficou presa \u00e0s ferragens e sofreu les\u00f5es nos membros superiores e inferiores, sendo socorrida e encaminhada para um centro hospitalar em Londrina. J\u00e1 o condutor n\u00e3o sofreu ferimentos f\u00edsicos de gravidade, mas entrou em estado de choque profundo e precisou de atendimento m\u00e9dico imediato no local.<\/p>\n<p>Ap\u00f3s duas horas de intensas buscas conjuntas envolvendo a PRF, o Corpo de Bombeiros e equipes da concession\u00e1ria respons\u00e1vel pelo trecho, o corpo da crian\u00e7a foi localizado soterrado sob a carga de arroz espalhada. O corpo foi recolhido pela Pol\u00edcia Cient\u00edfica de Londrina para os procedimentos cab\u00edveis, enquanto as autoridades competentes seguem investigando as causas exatas do tombamento.<\/p>\n<p>Por Reda\u00e7\u00e3o Acontece<\/p>\n<p>Foto: Alceu Nascimento\/RPC Londrina<\/p>\n","protected":false},"excerpt":{"rendered":"<p>Um grave acidente registrado na manh\u00e3 deste s\u00e1bado (5) na BR-369, em Ibipor\u00e3, na regi\u00e3o norte paranaense, resultou na morte de um beb\u00ea de apenas sete meses de idade. A crian\u00e7a foi arremessada para fora da cabine de um caminh\u00e3o que transportava uma carga de arroz e acabou tombando na rodovia estadual. Din\u00e2mica do acidente [&hellip;]<\/p>\n","protected":false},"author":0,"featured_media":36072,"comment_status":"open","ping_status":"open","sticky":false,"template":"","format":"standard","meta":{"footnotes":""},"categories":[18],"tags":[],"class_list":["post-36065","post","type-post","status-publish","format-standard","has-post-thumbnail","hentry","category-parana"],"_links":{"self":[{"href":"https:\/\/acontecenafronteira.com.br\/index.php\/wp-json\/wp\/v2\/posts\/36065","targetHints":{"allow":["GET"]}}],"collection":[{"href":"https:\/\/acontecenafronteira.com.br\/index.php\/wp-json\/wp\/v2\/posts"}],"about":[{"href":"https:\/\/acontecenafronteira.com.br\/index.php\/wp-json\/wp\/v2\/types\/post"}],"replies":[{"embeddable":true,"href":"https:\/\/acontecenafronteira.com.br\/index.php\/wp-json\/wp\/v2\/comments?post=36065"}],"version-history":[{"count":1,"href":"https:\/\/acontecenafronteira.com.br\/index.php\/wp-json\/wp\/v2\/posts\/36065\/revisions"}],"predecessor-version":[{"id":36071,"href":"https:\/\/acontecenafronteira.com.br\/index.php\/wp-json\/wp\/v2\/posts\/36065\/revisions\/36071"}],"wp:featuredmedia":[{"embeddable":true,"href":"https:\/\/acontecenafronteira.com.br\/index.php\/wp-json\/wp\/v2\/media\/36072"}],"wp:attachment":[{"href":"https:\/\/acontecenafronteira.com.br\/index.php\/wp-json\/wp\/v2\/media?parent=36065"}],"wp:term":[{"taxonomy":"category","embeddable":true,"href":"https:\/\/acontecenafronteira.com.br\/index.php\/wp-json\/wp\/v2\/categories?post=36065"},{"taxonomy":"post_tag","embeddable":true,"href":"https:\/\/acontecenafronteira.com.br\/index.php\/wp-json\/wp\/v2\/tags?post=36065"}],"curies":[{"name":"wp","href":"https:\/\/api.w.org\/{rel}","templated":true}]}}