{"id":36064,"date":"2026-09-05T14:36:14","date_gmt":"2026-09-05T17:36:14","guid":{"rendered":"https:\/\/acontecenafronteira.com.br\/?p=36064"},"modified":"2026-09-05T14:36:14","modified_gmt":"2026-09-05T17:36:14","slug":"parana-tem-alerta-de-temporais-e-frio-intenso-no-feriado","status":"publish","type":"post","link":"https:\/\/acontecenafronteira.com.br\/index.php\/2026\/09\/05\/parana-tem-alerta-de-temporais-e-frio-intenso-no-feriado\/","title":{"rendered":"Paran\u00e1 tem alerta de temporais e frio intenso no feriado"},"content":{"rendered":"<p>O estado do <b>Paran\u00e1<\/b> se prepara para um final de semana de instabilidade severa, com pancadas de chuva que podem vir acompanhadas de temporais localizados neste s\u00e1bado (5). A partir de domingo (6), uma intensa massa de ar polar come\u00e7a a atuar no territ\u00f3rio paranaense, derrubando acentuadamente os term\u00f4metros e garantindo um feriado de 7 de setembro com marcas bastante baixas, principalmente no amanhecer.<\/p>\n<h2>Alerta de tempestades e volumes de chuva<\/h2>\n<p>O Instituto Nacional de Meteorologia (Inmet) colocou todas as regi\u00f5es paranaenses sob aviso amarelo, sinalizando acumulados que podem oscilar entre 20 e 30 mil\u00edmetros por hora ou atingir a marca de 50 mil\u00edmetros em um \u00fanico dia. H\u00e1 previs\u00e3o de rajadas de vento entre 40 e 60 km\/h e ocorr\u00eancia isolada de granizo, com riscos reduzidos, mas existentes, para quedas de galhos, interrup\u00e7\u00e3o no fornecimento de energia e alagamentos pontuais.<\/p>\n<p>Especialistas em meteorologia apontam que a combina\u00e7\u00e3o entre uma frente fria oce\u00e2nica e um centro de baixa press\u00e3o continental mant\u00e9m a atmosfera bastante inst\u00e1vel. Setores como a faixa Central, os Campos Gerais e a por\u00e7\u00e3o Leste podem registrar acumulados pluviom\u00e9tricos superiores a 60 mil\u00edmetros. No domingo, a precipita\u00e7\u00e3o perde for\u00e7a gradualmente no interior, restringindo-se ao Norte, Litoral e \u00e0 Regi\u00e3o Metropolitana de Curitiba, onde o c\u00e9u segue nublado com chuviscos ocasionais.<\/p>\n<h2>Frio intenso no feriado de Independ\u00eancia<\/h2>\n<p>O ponto alto do feriado prolongado ser\u00e1 a incurs\u00e3o do ar gelado, que deixar\u00e1 as primeiras horas da segunda-feira (7) com temperaturas m\u00ednimas ao redor dos 7\u00b0C em \u00e1reas como o Sudoeste, Centro-Sul, Campos Gerais e a Grande Curitiba. Na capital paranaense, o dia ser\u00e1 marcado por frio persistente, com a m\u00e1xima n\u00e3o ultrapassando a casa dos 15\u00b0C durante o per\u00edodo da tarde.<\/p>\n<h2>Situa\u00e7\u00e3o de emerg\u00eancia com cheia de rio no Sul paranaense<\/h2>\n<p>Enquanto a meteorologia indica a chegada do frio, munic\u00edpios do Sul do estado continuam em alerta devido aos impactos das chuvas anteriores. Na cidade de Rio Negro, o n\u00edvel fluvial permaneceu elevado, alcan\u00e7ando 7,64 metros \u2014 patamar significativamente superior \u00e0 cota de aten\u00e7\u00e3o, que \u00e9 de 6,80 metros, e muito acima da m\u00e9dia hist\u00f3rica de 2 metros.<\/p>\n<p>A situa\u00e7\u00e3o obrigou dezenas de fam\u00edlias a deixarem suas resid\u00eancias, somando mais de 170 pessoas afetadas entre desalojados e desabrigados acolhidos pela prefeitura. Equipes de seguran\u00e7a e a Defesa Civil mant\u00eam o monitoramento constante e refor\u00e7am o pedido para que os moradores evitem retornar \u00e0s zonas de risco at\u00e9 que a estabiliza\u00e7\u00e3o completa do tempo ocorra nos pr\u00f3ximos dias.<\/p>\n<p>Por Reda\u00e7\u00e3o Acontece<\/p>\n<p>Divulga\u00e7\u00e3o \/ Simepar<\/p>\n","protected":false},"excerpt":{"rendered":"<p>O estado do Paran\u00e1 se prepara para um final de semana de instabilidade severa, com pancadas de chuva que podem vir acompanhadas de temporais localizados neste s\u00e1bado (5). A partir de domingo (6), uma intensa massa de ar polar come\u00e7a a atuar no territ\u00f3rio paranaense, derrubando acentuadamente os term\u00f4metros e garantindo um feriado de 7 [&hellip;]<\/p>\n","protected":false},"author":0,"featured_media":36070,"comment_status":"open","ping_status":"open","sticky":false,"template":"","format":"standard","meta":{"footnotes":""},"categories":[18],"tags":[],"class_list":["post-36064","post","type-post","status-publish","format-standard","has-post-thumbnail","hentry","category-parana"],"_links":{"self":[{"href":"https:\/\/acontecenafronteira.com.br\/index.php\/wp-json\/wp\/v2\/posts\/36064","targetHints":{"allow":["GET"]}}],"collection":[{"href":"https:\/\/acontecenafronteira.com.br\/index.php\/wp-json\/wp\/v2\/posts"}],"about":[{"href":"https:\/\/acontecenafronteira.com.br\/index.php\/wp-json\/wp\/v2\/types\/post"}],"replies":[{"embeddable":true,"href":"https:\/\/acontecenafronteira.com.br\/index.php\/wp-json\/wp\/v2\/comments?post=36064"}],"version-history":[{"count":1,"href":"https:\/\/acontecenafronteira.com.br\/index.php\/wp-json\/wp\/v2\/posts\/36064\/revisions"}],"predecessor-version":[{"id":36069,"href":"https:\/\/acontecenafronteira.com.br\/index.php\/wp-json\/wp\/v2\/posts\/36064\/revisions\/36069"}],"wp:featuredmedia":[{"embeddable":true,"href":"https:\/\/acontecenafronteira.com.br\/index.php\/wp-json\/wp\/v2\/media\/36070"}],"wp:attachment":[{"href":"https:\/\/acontecenafronteira.com.br\/index.php\/wp-json\/wp\/v2\/media?parent=36064"}],"wp:term":[{"taxonomy":"category","embeddable":true,"href":"https:\/\/acontecenafronteira.com.br\/index.php\/wp-json\/wp\/v2\/categories?post=36064"},{"taxonomy":"post_tag","embeddable":true,"href":"https:\/\/acontecenafronteira.com.br\/index.php\/wp-json\/wp\/v2\/tags?post=36064"}],"curies":[{"name":"wp","href":"https:\/\/api.w.org\/{rel}","templated":true}]}}