{"id":36063,"date":"2026-09-05T14:36:06","date_gmt":"2026-09-05T17:36:06","guid":{"rendered":"https:\/\/acontecenafronteira.com.br\/?p=36063"},"modified":"2026-09-05T14:36:06","modified_gmt":"2026-09-05T17:36:06","slug":"carro-fura-bloqueio-e-cai-em-buraco-de-obra-em-curitiba","status":"publish","type":"post","link":"https:\/\/acontecenafronteira.com.br\/index.php\/2026\/09\/05\/carro-fura-bloqueio-e-cai-em-buraco-de-obra-em-curitiba\/","title":{"rendered":"Carro fura bloqueio e cai em buraco de obra em Curitiba"},"content":{"rendered":"<p>Um ve\u00edculo ultrapassou a sinaliza\u00e7\u00e3o de seguran\u00e7a e caiu em uma grande escava\u00e7\u00e3o de um canteiro de obras no bairro Xaxim, em Curitiba, durante a madrugada deste s\u00e1bado (5). Quando as equipes de atendimento chegaram ao endere\u00e7o, o condutor n\u00e3o estava mais no autom\u00f3vel e seu paradeiro permanece desconhecido.<\/p>\n<h2>Din\u00e2mica do acidente na Linha Verde<\/h2>\n<p>O incidente aconteceu na interse\u00e7\u00e3o entre as ruas Embaixador Jos\u00e9 Carlos de Macedo Soares e Omar Raymundo Picheth. O carro entrou na zona restrita das obras da Trincheira Norte, localizada na Esta\u00e7\u00e3o Vila S\u00e3o Pedro, na regi\u00e3o da Linha Verde.<\/p>\n<p>De acordo com informa\u00e7\u00f5es da administra\u00e7\u00e3o municipal, a \u00e1rea estava devidamente cercada e contava com balizadores refletores para alertar os motoristas. Imagens de c\u00e2meras de seguran\u00e7a registraram o instante exato em que o autom\u00f3vel desrespeita o isolamento e despenca na cratera.<\/p>\n<h2>Detalhes sobre a interven\u00e7\u00e3o urbana<\/h2>\n<p>O canteiro onde ocorreu a queda faz parte dos trabalhos para a implanta\u00e7\u00e3o das trincheiras da Esta\u00e7\u00e3o Vila S\u00e3o Pedro, projeto que visa interligar os bairros Xaxim e Cap\u00e3o Raso por meio do rebaixamento da pista. Al\u00e9m disso, a iniciativa abrange a revitaliza\u00e7\u00e3o de 17 vias na redondeza.<\/p>\n<p>As futuras passagens subterr\u00e2neas contar\u00e3o com extens\u00f5es estimadas entre 200 e 220 metros, largura de 15 metros, pistas duplas em ambos os sentidos e faixas exclusivas para pedestres e ciclistas. O projeto global tamb\u00e9m contempla melhorias significativas na ilumina\u00e7\u00e3o, no pavimento, na sinaliza\u00e7\u00e3o vi\u00e1ria e na acessibilidade local.<\/p>\n<p>O autom\u00f3vel permaneceu no interior da escava\u00e7\u00e3o aguardando os procedimentos de remo\u00e7\u00e3o, enquanto os \u00f3rg\u00e3os competentes foram acionados para investigar as circunst\u00e2ncias do caso e localizar o motorista.<\/p>\n<p>Por Reda\u00e7\u00e3o Acontece<\/p>\n<p>Reprodu\u00e7\u00e3o\/RPC<\/p>\n","protected":false},"excerpt":{"rendered":"<p>Um ve\u00edculo ultrapassou a sinaliza\u00e7\u00e3o de seguran\u00e7a e caiu em uma grande escava\u00e7\u00e3o de um canteiro de obras no bairro Xaxim, em Curitiba, durante a madrugada deste s\u00e1bado (5). Quando as equipes de atendimento chegaram ao endere\u00e7o, o condutor n\u00e3o estava mais no autom\u00f3vel e seu paradeiro permanece desconhecido. Din\u00e2mica do acidente na Linha Verde [&hellip;]<\/p>\n","protected":false},"author":0,"featured_media":36068,"comment_status":"open","ping_status":"open","sticky":false,"template":"","format":"standard","meta":{"footnotes":""},"categories":[18],"tags":[],"class_list":["post-36063","post","type-post","status-publish","format-standard","has-post-thumbnail","hentry","category-parana"],"_links":{"self":[{"href":"https:\/\/acontecenafronteira.com.br\/index.php\/wp-json\/wp\/v2\/posts\/36063","targetHints":{"allow":["GET"]}}],"collection":[{"href":"https:\/\/acontecenafronteira.com.br\/index.php\/wp-json\/wp\/v2\/posts"}],"about":[{"href":"https:\/\/acontecenafronteira.com.br\/index.php\/wp-json\/wp\/v2\/types\/post"}],"replies":[{"embeddable":true,"href":"https:\/\/acontecenafronteira.com.br\/index.php\/wp-json\/wp\/v2\/comments?post=36063"}],"version-history":[{"count":1,"href":"https:\/\/acontecenafronteira.com.br\/index.php\/wp-json\/wp\/v2\/posts\/36063\/revisions"}],"predecessor-version":[{"id":36067,"href":"https:\/\/acontecenafronteira.com.br\/index.php\/wp-json\/wp\/v2\/posts\/36063\/revisions\/36067"}],"wp:featuredmedia":[{"embeddable":true,"href":"https:\/\/acontecenafronteira.com.br\/index.php\/wp-json\/wp\/v2\/media\/36068"}],"wp:attachment":[{"href":"https:\/\/acontecenafronteira.com.br\/index.php\/wp-json\/wp\/v2\/media?parent=36063"}],"wp:term":[{"taxonomy":"category","embeddable":true,"href":"https:\/\/acontecenafronteira.com.br\/index.php\/wp-json\/wp\/v2\/categories?post=36063"},{"taxonomy":"post_tag","embeddable":true,"href":"https:\/\/acontecenafronteira.com.br\/index.php\/wp-json\/wp\/v2\/tags?post=36063"}],"curies":[{"name":"wp","href":"https:\/\/api.w.org\/{rel}","templated":true}]}}