{"id":36060,"date":"2026-09-05T14:35:55","date_gmt":"2026-09-05T17:35:55","guid":{"rendered":"https:\/\/acontecenafronteira.com.br\/?p=36060"},"modified":"2026-09-05T14:35:55","modified_gmt":"2026-09-05T17:35:55","slug":"geek-falls-traz-dublador-de-harry-potter-a-foz-do-iguacu","status":"publish","type":"post","link":"https:\/\/acontecenafronteira.com.br\/index.php\/2026\/09\/05\/geek-falls-traz-dublador-de-harry-potter-a-foz-do-iguacu\/","title":{"rendered":"Geek Falls traz dublador de Harry Potter a Foz do Igua\u00e7u"},"content":{"rendered":"<p>A cidade de Foz do Igua\u00e7u se prepara para receber neste domingo (6) a nova edi\u00e7\u00e3o do festival de cultura pop Geek Falls, que promete movimentar a regi\u00e3o com atra\u00e7\u00f5es voltadas para o universo nerd, dos animes e dos games.<\/p>\n<h2>Charles Emmanuel \u00e9 a principal atra\u00e7\u00e3o<\/h2>\n<p>O evento, sediado no Descomplica UniAm\u00e9rica, traz como grande destaque a presen\u00e7a confirmada do renomado dublador Charles Emmanuel, conhecido nacionalmente por emprestar sua voz a personagens marcantes como Harry Potter e Ben 10.<\/p>\n<h2>Atividades e competi\u00e7\u00f5es para o p\u00fablico<\/h2>\n<p>Al\u00e9m do bate-papo com o artista, a programa\u00e7\u00e3o oficial do festival inclui um tradicional concurso de cosplay, voltado para valorizar a criatividade dos f\u00e3s que recriam os trajes de seus personagens favoritos dos quadrinhos, filmes e anima\u00e7\u00f5es.<\/p>\n<p>Para os entusiastas dos esportes eletr\u00f4nicos, o espa\u00e7o contar\u00e1 com uma arena gamer completa, oferecendo estrutura para competi\u00e7\u00f5es e jogos interativos ao longo de todo o dia.<\/p>\n<p>O evento tamb\u00e9m abre espa\u00e7o para a febre da m\u00fasica asi\u00e1tica, trazendo diversas atra\u00e7\u00f5es dedicadas ao universo do K-Pop, incluindo apresenta\u00e7\u00f5es e encontros de f\u00e3s do g\u00eanero musical que cresce a cada dia no estado do Paran\u00e1.<\/p>\n<p>A iniciativa consolida a cidade da Tr\u00edplice Fronteira como um polo importante para a realiza\u00e7\u00e3o de eventos voltados ao entretenimento jovem e \u00e0 cultura pop regional.<\/p>\n<p>Por Reda\u00e7\u00e3o Acontece<\/p>\n<p>Cr\u00e9ditos da imagem: Divulga\u00e7\u00e3o\/Geek Falls<\/p>\n","protected":false},"excerpt":{"rendered":"<p>A cidade de Foz do Igua\u00e7u se prepara para receber neste domingo (6) a nova edi\u00e7\u00e3o do festival de cultura pop Geek Falls, que promete movimentar a regi\u00e3o com atra\u00e7\u00f5es voltadas para o universo nerd, dos animes e dos games. Charles Emmanuel \u00e9 a principal atra\u00e7\u00e3o O evento, sediado no Descomplica UniAm\u00e9rica, traz como grande [&hellip;]<\/p>\n","protected":false},"author":0,"featured_media":36062,"comment_status":"open","ping_status":"open","sticky":false,"template":"","format":"standard","meta":{"footnotes":""},"categories":[4],"tags":[],"class_list":["post-36060","post","type-post","status-publish","format-standard","has-post-thumbnail","hentry","category-cidade"],"_links":{"self":[{"href":"https:\/\/acontecenafronteira.com.br\/index.php\/wp-json\/wp\/v2\/posts\/36060","targetHints":{"allow":["GET"]}}],"collection":[{"href":"https:\/\/acontecenafronteira.com.br\/index.php\/wp-json\/wp\/v2\/posts"}],"about":[{"href":"https:\/\/acontecenafronteira.com.br\/index.php\/wp-json\/wp\/v2\/types\/post"}],"replies":[{"embeddable":true,"href":"https:\/\/acontecenafronteira.com.br\/index.php\/wp-json\/wp\/v2\/comments?post=36060"}],"version-history":[{"count":1,"href":"https:\/\/acontecenafronteira.com.br\/index.php\/wp-json\/wp\/v2\/posts\/36060\/revisions"}],"predecessor-version":[{"id":36061,"href":"https:\/\/acontecenafronteira.com.br\/index.php\/wp-json\/wp\/v2\/posts\/36060\/revisions\/36061"}],"wp:featuredmedia":[{"embeddable":true,"href":"https:\/\/acontecenafronteira.com.br\/index.php\/wp-json\/wp\/v2\/media\/36062"}],"wp:attachment":[{"href":"https:\/\/acontecenafronteira.com.br\/index.php\/wp-json\/wp\/v2\/media?parent=36060"}],"wp:term":[{"taxonomy":"category","embeddable":true,"href":"https:\/\/acontecenafronteira.com.br\/index.php\/wp-json\/wp\/v2\/categories?post=36060"},{"taxonomy":"post_tag","embeddable":true,"href":"https:\/\/acontecenafronteira.com.br\/index.php\/wp-json\/wp\/v2\/tags?post=36060"}],"curies":[{"name":"wp","href":"https:\/\/api.w.org\/{rel}","templated":true}]}}