{"id":36045,"date":"2026-09-05T13:37:24","date_gmt":"2026-09-05T16:37:24","guid":{"rendered":"https:\/\/acontecenafronteira.com.br\/?p=36045"},"modified":"2026-09-05T13:37:24","modified_gmt":"2026-09-05T16:37:24","slug":"foz-do-iguacu-reforca-seguranca-apos-escalada-de-conflitos-internacionais","status":"publish","type":"post","link":"https:\/\/acontecenafronteira.com.br\/index.php\/2026\/09\/05\/foz-do-iguacu-reforca-seguranca-apos-escalada-de-conflitos-internacionais\/","title":{"rendered":"Foz do Igua\u00e7u refor\u00e7a seguran\u00e7a ap\u00f3s escalada de conflitos internacionais"},"content":{"rendered":"<p>A recente escalada de conflitos militares envolvendo for\u00e7as dos Estados Unidos e do Ir\u00e3 no Oriente M\u00e9dio gera repercuss\u00e3o e alerta em diferentes regi\u00f5es do mundo, levantando debates sobre a seguran\u00e7a energ\u00e9tica e o impacto econ\u00f4mico global.<\/p>\n<h2>Reflexos globais no Paran\u00e1<\/h2>\n<p>\nEspecialistas em seguran\u00e7a internacional apontam que o acirramento das tens\u00f5es no Estreito de Ormuz e os ataques a navios-tanque iranianos afetam diretamente o mercado internacional de petr\u00f3leo e a estabilidade financeira de diversos pa\u00edses, incluindo o Brasil.<\/p>\n<h3>Monitoramento em Foz do Igua\u00e7u<\/h3>\n<p>\nNa fronteira trinacional, em Foz do Igua\u00e7u, autoridades locais e \u00f3rg\u00e3os de seguran\u00e7a mant\u00eam aten\u00e7\u00e3o redobrada aos desdobramentos geopol\u00edticos globais. A regi\u00e3o, conhecida por sua relev\u00e2ncia estrat\u00e9gica e multiculturalismo, segue monitorada para garantir a tranquilidade da popula\u00e7\u00e3o e a integridade das \u00e1reas alfandeg\u00e1rias.<\/p>\n<p>A suspens\u00e3o da navega\u00e7\u00e3o em rotas cruciais de petr\u00f3leo e a ret\u00f3rica de confronto entre pot\u00eancias globais imp\u00f5em preocupa\u00e7\u00f5es sobre a infla\u00e7\u00e3o e o custo dos combust\u00edveis, fatores que impactam diretamente o cotidiano dos moradores do estado do Paran\u00e1.<\/p>\n<p>Por Reda\u00e7\u00e3o Acontece<\/p>\n<p>Imagem ilustrativa de Foz do Igua\u00e7u. Foto: Divulga\u00e7\u00e3o<\/p>\n","protected":false},"excerpt":{"rendered":"<p>A recente escalada de conflitos militares envolvendo for\u00e7as dos Estados Unidos e do Ir\u00e3 no Oriente M\u00e9dio gera repercuss\u00e3o e alerta em diferentes regi\u00f5es do mundo, levantando debates sobre a seguran\u00e7a energ\u00e9tica e o impacto econ\u00f4mico global. Reflexos globais no Paran\u00e1 Especialistas em seguran\u00e7a internacional apontam que o acirramento das tens\u00f5es no Estreito de Ormuz [&hellip;]<\/p>\n","protected":false},"author":0,"featured_media":36054,"comment_status":"open","ping_status":"open","sticky":false,"template":"","format":"standard","meta":{"footnotes":""},"categories":[28],"tags":[],"class_list":["post-36045","post","type-post","status-publish","format-standard","has-post-thumbnail","hentry","category-mundo"],"_links":{"self":[{"href":"https:\/\/acontecenafronteira.com.br\/index.php\/wp-json\/wp\/v2\/posts\/36045","targetHints":{"allow":["GET"]}}],"collection":[{"href":"https:\/\/acontecenafronteira.com.br\/index.php\/wp-json\/wp\/v2\/posts"}],"about":[{"href":"https:\/\/acontecenafronteira.com.br\/index.php\/wp-json\/wp\/v2\/types\/post"}],"replies":[{"embeddable":true,"href":"https:\/\/acontecenafronteira.com.br\/index.php\/wp-json\/wp\/v2\/comments?post=36045"}],"version-history":[{"count":1,"href":"https:\/\/acontecenafronteira.com.br\/index.php\/wp-json\/wp\/v2\/posts\/36045\/revisions"}],"predecessor-version":[{"id":36053,"href":"https:\/\/acontecenafronteira.com.br\/index.php\/wp-json\/wp\/v2\/posts\/36045\/revisions\/36053"}],"wp:featuredmedia":[{"embeddable":true,"href":"https:\/\/acontecenafronteira.com.br\/index.php\/wp-json\/wp\/v2\/media\/36054"}],"wp:attachment":[{"href":"https:\/\/acontecenafronteira.com.br\/index.php\/wp-json\/wp\/v2\/media?parent=36045"}],"wp:term":[{"taxonomy":"category","embeddable":true,"href":"https:\/\/acontecenafronteira.com.br\/index.php\/wp-json\/wp\/v2\/categories?post=36045"},{"taxonomy":"post_tag","embeddable":true,"href":"https:\/\/acontecenafronteira.com.br\/index.php\/wp-json\/wp\/v2\/tags?post=36045"}],"curies":[{"name":"wp","href":"https:\/\/api.w.org\/{rel}","templated":true}]}}