{"id":36043,"date":"2026-09-05T13:37:12","date_gmt":"2026-09-05T16:37:12","guid":{"rendered":"https:\/\/acontecenafronteira.com.br\/?p=36043"},"modified":"2026-09-05T13:37:12","modified_gmt":"2026-09-05T16:37:12","slug":"eleicoes-no-parana-foz-do-iguacu-debate-propostas-para-a-gestao","status":"publish","type":"post","link":"https:\/\/acontecenafronteira.com.br\/index.php\/2026\/09\/05\/eleicoes-no-parana-foz-do-iguacu-debate-propostas-para-a-gestao\/","title":{"rendered":"Elei\u00e7\u00f5es no Paran\u00e1: Foz do Igua\u00e7u debate propostas para a gest\u00e3o"},"content":{"rendered":"<p>A corrida eleitoral em Foz do Igua\u00e7u ganha for\u00e7a com debates intensos sobre o futuro administrativo da cidade paranaense, reunindo diferentes vis\u00f5es para o desenvolvimento local.<\/p>\n<h2>Propostas para o desenvolvimento de Foz do Igua\u00e7u<\/h2>\n<p>Os candidatos ao executivo municipal t\u00eam apresentado planos focados em infraestrutura, turismo e melhorias na sa\u00fade p\u00fablica da regi\u00e3o de fronteira.<\/p>\n<h2>O impacto das discuss\u00f5es na pol\u00edtica paranaense<\/h2>\n<p>O cen\u00e1rio pol\u00edtico no estado do Paran\u00e1 acompanha de perto os desdobramentos da campanha na Tr\u00edplice Fronteira, considerada estrat\u00e9gica para a economia regional.<\/p>\n<p>A popula\u00e7\u00e3o local busca propostas concretas para solucionar os principais gargalos urbanos e sociais do munic\u00edpio, exigindo transpar\u00eancia dos postulantes ao cargo de prefeito.<\/p>\n<p>As estrat\u00e9gias de campanha seguem mobilizando eleitores em diversos bairros da cidade paranaense, com com\u00edcios e caminhadas dos principais grupos pol\u00edticos.<\/p>\n<p>Por Reda\u00e7\u00e3o Acontece Cr\u00e9ditos da imagem: Divulga\u00e7\u00e3o \/ Campanha Eleitoral<\/p>\n","protected":false},"excerpt":{"rendered":"<p>A corrida eleitoral em Foz do Igua\u00e7u ganha for\u00e7a com debates intensos sobre o futuro administrativo da cidade paranaense, reunindo diferentes vis\u00f5es para o desenvolvimento local. Propostas para o desenvolvimento de Foz do Igua\u00e7u Os candidatos ao executivo municipal t\u00eam apresentado planos focados em infraestrutura, turismo e melhorias na sa\u00fade p\u00fablica da regi\u00e3o de fronteira. [&hellip;]<\/p>\n","protected":false},"author":0,"featured_media":36051,"comment_status":"open","ping_status":"open","sticky":false,"template":"","format":"standard","meta":{"footnotes":""},"categories":[28],"tags":[],"class_list":["post-36043","post","type-post","status-publish","format-standard","has-post-thumbnail","hentry","category-mundo"],"_links":{"self":[{"href":"https:\/\/acontecenafronteira.com.br\/index.php\/wp-json\/wp\/v2\/posts\/36043","targetHints":{"allow":["GET"]}}],"collection":[{"href":"https:\/\/acontecenafronteira.com.br\/index.php\/wp-json\/wp\/v2\/posts"}],"about":[{"href":"https:\/\/acontecenafronteira.com.br\/index.php\/wp-json\/wp\/v2\/types\/post"}],"replies":[{"embeddable":true,"href":"https:\/\/acontecenafronteira.com.br\/index.php\/wp-json\/wp\/v2\/comments?post=36043"}],"version-history":[{"count":1,"href":"https:\/\/acontecenafronteira.com.br\/index.php\/wp-json\/wp\/v2\/posts\/36043\/revisions"}],"predecessor-version":[{"id":36050,"href":"https:\/\/acontecenafronteira.com.br\/index.php\/wp-json\/wp\/v2\/posts\/36043\/revisions\/36050"}],"wp:featuredmedia":[{"embeddable":true,"href":"https:\/\/acontecenafronteira.com.br\/index.php\/wp-json\/wp\/v2\/media\/36051"}],"wp:attachment":[{"href":"https:\/\/acontecenafronteira.com.br\/index.php\/wp-json\/wp\/v2\/media?parent=36043"}],"wp:term":[{"taxonomy":"category","embeddable":true,"href":"https:\/\/acontecenafronteira.com.br\/index.php\/wp-json\/wp\/v2\/categories?post=36043"},{"taxonomy":"post_tag","embeddable":true,"href":"https:\/\/acontecenafronteira.com.br\/index.php\/wp-json\/wp\/v2\/tags?post=36043"}],"curies":[{"name":"wp","href":"https:\/\/api.w.org\/{rel}","templated":true}]}}