{"id":36042,"date":"2026-09-05T13:37:07","date_gmt":"2026-09-05T16:37:07","guid":{"rendered":"https:\/\/acontecenafronteira.com.br\/?p=36042"},"modified":"2026-09-05T13:37:07","modified_gmt":"2026-09-05T16:37:07","slug":"especialistas-do-parana-avaliam-impactos-da-saf-no-futebol","status":"publish","type":"post","link":"https:\/\/acontecenafronteira.com.br\/index.php\/2026\/09\/05\/especialistas-do-parana-avaliam-impactos-da-saf-no-futebol\/","title":{"rendered":"Especialistas do Paran\u00e1 avaliam impactos da SAF no futebol"},"content":{"rendered":"<p>Especialistas jur\u00eddicos com atua\u00e7\u00e3o no estado do Paran\u00e1 e em todo o pa\u00eds t\u00eam manifestado preocupa\u00e7\u00e3o nos bastidores com o modelo financeiro que vem sendo apelidado no mercado de a &#8220;SAF da SAF&#8221;, especialmente envolvendo clubes tradicionais como o Vasco.<\/p>\n<h2>O impacto no Brasileir\u00e3o e na Copa do Brasil<\/h2>\n<p>\nA estrutura\u00e7\u00e3o dessas novas camadas societ\u00e1rias gera debates intensos sobre a seguran\u00e7a jur\u00eddica dos acordos firmados no \u00e2mbito do Campeonato Brasileiro e da Copa do Brasil, competi\u00e7\u00f5es de alto rendimento onde a estabilidade financeira \u00e9 determinante.<\/p>\n<h3>A vis\u00e3o dos credores<\/h3>\n<p>\nAdvogados especializados na defesa de credores esportivos apontam que a complexidade dessas opera\u00e7\u00f5es pode dificultar a recupera\u00e7\u00e3o de valores pendentes, afetando diretamente a cadeia de pagamentos e a governan\u00e7a das entidades administradoras do futebol.<\/p>\n<p>O cen\u00e1rio atual exige aten\u00e7\u00e3o redobrada dos \u00f3rg\u00e3os fiscalizadores e dos pr\u00f3prios investidores estrangeiros e nacionais que apostam no modelo de Sociedade An\u00f4nima do Futebol para reestruturar passivos hist\u00f3ricos.<\/p>\n<p>As discuss\u00f5es sobre o tema continuam mobilizando o meio jur\u00eddico esportivo, que busca antecipar eventuais riscos regulat\u00f3rios e garantir maior transpar\u00eancia nas transa\u00e7\u00f5es corporativas do esporte bret\u00e3o.<\/p>\n<p>Por Reda\u00e7\u00e3o Acontece<\/p>\n<p>Cr\u00e9ditos da imagem: Reprodu\u00e7\u00e3o \/ Pixabay<\/p>\n","protected":false},"excerpt":{"rendered":"<p>Especialistas jur\u00eddicos com atua\u00e7\u00e3o no estado do Paran\u00e1 e em todo o pa\u00eds t\u00eam manifestado preocupa\u00e7\u00e3o nos bastidores com o modelo financeiro que vem sendo apelidado no mercado de a &#8220;SAF da SAF&#8221;, especialmente envolvendo clubes tradicionais como o Vasco. O impacto no Brasileir\u00e3o e na Copa do Brasil A estrutura\u00e7\u00e3o dessas novas camadas societ\u00e1rias [&hellip;]<\/p>\n","protected":false},"author":0,"featured_media":36049,"comment_status":"open","ping_status":"open","sticky":false,"template":"","format":"standard","meta":{"footnotes":""},"categories":[28],"tags":[],"class_list":["post-36042","post","type-post","status-publish","format-standard","has-post-thumbnail","hentry","category-mundo"],"_links":{"self":[{"href":"https:\/\/acontecenafronteira.com.br\/index.php\/wp-json\/wp\/v2\/posts\/36042","targetHints":{"allow":["GET"]}}],"collection":[{"href":"https:\/\/acontecenafronteira.com.br\/index.php\/wp-json\/wp\/v2\/posts"}],"about":[{"href":"https:\/\/acontecenafronteira.com.br\/index.php\/wp-json\/wp\/v2\/types\/post"}],"replies":[{"embeddable":true,"href":"https:\/\/acontecenafronteira.com.br\/index.php\/wp-json\/wp\/v2\/comments?post=36042"}],"version-history":[{"count":1,"href":"https:\/\/acontecenafronteira.com.br\/index.php\/wp-json\/wp\/v2\/posts\/36042\/revisions"}],"predecessor-version":[{"id":36048,"href":"https:\/\/acontecenafronteira.com.br\/index.php\/wp-json\/wp\/v2\/posts\/36042\/revisions\/36048"}],"wp:featuredmedia":[{"embeddable":true,"href":"https:\/\/acontecenafronteira.com.br\/index.php\/wp-json\/wp\/v2\/media\/36049"}],"wp:attachment":[{"href":"https:\/\/acontecenafronteira.com.br\/index.php\/wp-json\/wp\/v2\/media?parent=36042"}],"wp:term":[{"taxonomy":"category","embeddable":true,"href":"https:\/\/acontecenafronteira.com.br\/index.php\/wp-json\/wp\/v2\/categories?post=36042"},{"taxonomy":"post_tag","embeddable":true,"href":"https:\/\/acontecenafronteira.com.br\/index.php\/wp-json\/wp\/v2\/tags?post=36042"}],"curies":[{"name":"wp","href":"https:\/\/api.w.org\/{rel}","templated":true}]}}