{"id":36030,"date":"2026-09-05T13:36:46","date_gmt":"2026-09-05T16:36:46","guid":{"rendered":"https:\/\/acontecenafronteira.com.br\/?p=36030"},"modified":"2026-09-05T13:36:46","modified_gmt":"2026-09-05T16:36:46","slug":"foz-do-iguacu-reforca-seguranca-apos-tensao-internacional","status":"publish","type":"post","link":"https:\/\/acontecenafronteira.com.br\/index.php\/2026\/09\/05\/foz-do-iguacu-reforca-seguranca-apos-tensao-internacional\/","title":{"rendered":"Foz do Igua\u00e7u refor\u00e7a seguran\u00e7a ap\u00f3s tens\u00e3o internacional"},"content":{"rendered":"<p>Autoridades de seguran\u00e7a em Foz do Igua\u00e7u intensificaram o monitoramento na regi\u00e3o da tr\u00edplice fronteira ap\u00f3s novas escaladas nas tens\u00f5es internacionais envolvendo os Estados Unidos e o Oriente M\u00e9dio, cen\u00e1rio que repercute diretamente no estado do Paran\u00e1.<\/p>\n<h2>Impactos na Tr\u00edplice Fronteira<\/h2>\n<p>A preocupa\u00e7\u00e3o com a seguran\u00e7a local aumentou devido \u00e0 circula\u00e7\u00e3o de turistas e estrangeiros na divisa entre Brasil, Paraguai e Argentina, exigindo maior coopera\u00e7\u00e3o entre as for\u00e7as policiais federais e estaduais no oeste paranaense.<\/p>\n<h3>Medidas de Vigil\u00e2ncia<\/h3>\n<p>O efetivo de intelig\u00eancia foi ampliado nos principais pontos de acesso internacional, visando garantir a tranquilidade de moradores e visitantes que transitam diariamente pela regi\u00e3o de Foz do Igua\u00e7u.<\/p>\n<p>Especialistas em seguran\u00e7a p\u00fablica avaliam que eventos globais exigem protocolos rigorosos em \u00e1reas estrat\u00e9gicas de fronteira, consolidando o Paran\u00e1 como um ponto central de aten\u00e7\u00e3o para o controle migrat\u00f3rio e aduaneiro no pa\u00eds.<\/p>\n<p>A prefeitura local e os \u00f3rg\u00e3os de seguran\u00e7a seguem em alerta para preservar a ordem e a normalidade econ\u00f4mica na cidade tur\u00edstica, considerada um dos cart\u00f5es-postais mais importantes do estado.<\/p>\n<p>Por Reda\u00e7\u00e3o Acontece<\/p>\n<p>Imagem: Divulga\u00e7\u00e3o \/ Ag\u00eancia Brasil<\/p>\n","protected":false},"excerpt":{"rendered":"<p>Autoridades de seguran\u00e7a em Foz do Igua\u00e7u intensificaram o monitoramento na regi\u00e3o da tr\u00edplice fronteira ap\u00f3s novas escaladas nas tens\u00f5es internacionais envolvendo os Estados Unidos e o Oriente M\u00e9dio, cen\u00e1rio que repercute diretamente no estado do Paran\u00e1. Impactos na Tr\u00edplice Fronteira A preocupa\u00e7\u00e3o com a seguran\u00e7a local aumentou devido \u00e0 circula\u00e7\u00e3o de turistas e estrangeiros [&hellip;]<\/p>\n","protected":false},"author":0,"featured_media":36040,"comment_status":"open","ping_status":"open","sticky":false,"template":"","format":"standard","meta":{"footnotes":""},"categories":[18],"tags":[],"class_list":["post-36030","post","type-post","status-publish","format-standard","has-post-thumbnail","hentry","category-parana"],"_links":{"self":[{"href":"https:\/\/acontecenafronteira.com.br\/index.php\/wp-json\/wp\/v2\/posts\/36030","targetHints":{"allow":["GET"]}}],"collection":[{"href":"https:\/\/acontecenafronteira.com.br\/index.php\/wp-json\/wp\/v2\/posts"}],"about":[{"href":"https:\/\/acontecenafronteira.com.br\/index.php\/wp-json\/wp\/v2\/types\/post"}],"replies":[{"embeddable":true,"href":"https:\/\/acontecenafronteira.com.br\/index.php\/wp-json\/wp\/v2\/comments?post=36030"}],"version-history":[{"count":1,"href":"https:\/\/acontecenafronteira.com.br\/index.php\/wp-json\/wp\/v2\/posts\/36030\/revisions"}],"predecessor-version":[{"id":36039,"href":"https:\/\/acontecenafronteira.com.br\/index.php\/wp-json\/wp\/v2\/posts\/36030\/revisions\/36039"}],"wp:featuredmedia":[{"embeddable":true,"href":"https:\/\/acontecenafronteira.com.br\/index.php\/wp-json\/wp\/v2\/media\/36040"}],"wp:attachment":[{"href":"https:\/\/acontecenafronteira.com.br\/index.php\/wp-json\/wp\/v2\/media?parent=36030"}],"wp:term":[{"taxonomy":"category","embeddable":true,"href":"https:\/\/acontecenafronteira.com.br\/index.php\/wp-json\/wp\/v2\/categories?post=36030"},{"taxonomy":"post_tag","embeddable":true,"href":"https:\/\/acontecenafronteira.com.br\/index.php\/wp-json\/wp\/v2\/tags?post=36030"}],"curies":[{"name":"wp","href":"https:\/\/api.w.org\/{rel}","templated":true}]}}