{"id":36029,"date":"2026-09-05T13:36:42","date_gmt":"2026-09-05T16:36:42","guid":{"rendered":"https:\/\/acontecenafronteira.com.br\/?p=36029"},"modified":"2026-09-05T13:36:42","modified_gmt":"2026-09-05T16:36:42","slug":"atleta-do-parana-busca-tri-na-diamond-league-em-bruxelas","status":"publish","type":"post","link":"https:\/\/acontecenafronteira.com.br\/index.php\/2026\/09\/05\/atleta-do-parana-busca-tri-na-diamond-league-em-bruxelas\/","title":{"rendered":"Atleta do Paran\u00e1 busca tri na Diamond League em Bruxelas"},"content":{"rendered":"<p>A principal competi\u00e7\u00e3o mundial do atletismo profissional chega ao seu momento culminante neste s\u00e1bado (5), com a realiza\u00e7\u00e3o da grande final da temporada 2026 da Diamond League, sediada na cidade de Bruxelas, na B\u00e9lgica.<\/p>\n<h2>A decis\u00e3o do circuito mundial<\/h2>\n<p>O evento esportivo re\u00fane exclusivamente os melhores competidores de cada modalidade ao longo do ano, culminando na disputa pelos t\u00edtulos mais cobi\u00e7ados da elite do esporte mundial fora dos Jogos Ol\u00edmpicos e Campeonatos Mundiais.<\/p>\n<h2>Expectativa para as provas finais<\/h2>\n<p>A programa\u00e7\u00e3o deste s\u00e1bado conta com a presen\u00e7a de grandes nomes da modalidade, que entram na pista belga em busca n\u00e3o apenas do pr\u00eamio m\u00e1ximo da competi\u00e7\u00e3o, mas tamb\u00e9m da consagra\u00e7\u00e3o definitiva no cen\u00e1rio internacional.<\/p>\n<p>As disputas prometem alto n\u00edvel t\u00e9cnico, refletindo o rigoroso processo classificat\u00f3rio exigido pelas etapas anteriores realizadas em diversos pa\u00edses ao longo dos \u00faltimos meses.<\/p>\n<p>Por Reda\u00e7\u00e3o Acontece<\/p>\n<p>Cr\u00e9ditos da imagem: Divulga\u00e7\u00e3o \/ Diamond League<\/p>\n","protected":false},"excerpt":{"rendered":"<p>A principal competi\u00e7\u00e3o mundial do atletismo profissional chega ao seu momento culminante neste s\u00e1bado (5), com a realiza\u00e7\u00e3o da grande final da temporada 2026 da Diamond League, sediada na cidade de Bruxelas, na B\u00e9lgica. A decis\u00e3o do circuito mundial O evento esportivo re\u00fane exclusivamente os melhores competidores de cada modalidade ao longo do ano, culminando [&hellip;]<\/p>\n","protected":false},"author":0,"featured_media":36038,"comment_status":"open","ping_status":"open","sticky":false,"template":"","format":"standard","meta":{"footnotes":""},"categories":[18],"tags":[],"class_list":["post-36029","post","type-post","status-publish","format-standard","has-post-thumbnail","hentry","category-parana"],"_links":{"self":[{"href":"https:\/\/acontecenafronteira.com.br\/index.php\/wp-json\/wp\/v2\/posts\/36029","targetHints":{"allow":["GET"]}}],"collection":[{"href":"https:\/\/acontecenafronteira.com.br\/index.php\/wp-json\/wp\/v2\/posts"}],"about":[{"href":"https:\/\/acontecenafronteira.com.br\/index.php\/wp-json\/wp\/v2\/types\/post"}],"replies":[{"embeddable":true,"href":"https:\/\/acontecenafronteira.com.br\/index.php\/wp-json\/wp\/v2\/comments?post=36029"}],"version-history":[{"count":1,"href":"https:\/\/acontecenafronteira.com.br\/index.php\/wp-json\/wp\/v2\/posts\/36029\/revisions"}],"predecessor-version":[{"id":36037,"href":"https:\/\/acontecenafronteira.com.br\/index.php\/wp-json\/wp\/v2\/posts\/36029\/revisions\/36037"}],"wp:featuredmedia":[{"embeddable":true,"href":"https:\/\/acontecenafronteira.com.br\/index.php\/wp-json\/wp\/v2\/media\/36038"}],"wp:attachment":[{"href":"https:\/\/acontecenafronteira.com.br\/index.php\/wp-json\/wp\/v2\/media?parent=36029"}],"wp:term":[{"taxonomy":"category","embeddable":true,"href":"https:\/\/acontecenafronteira.com.br\/index.php\/wp-json\/wp\/v2\/categories?post=36029"},{"taxonomy":"post_tag","embeddable":true,"href":"https:\/\/acontecenafronteira.com.br\/index.php\/wp-json\/wp\/v2\/tags?post=36029"}],"curies":[{"name":"wp","href":"https:\/\/api.w.org\/{rel}","templated":true}]}}