{"id":36028,"date":"2026-09-05T13:36:37","date_gmt":"2026-09-05T16:36:37","guid":{"rendered":"https:\/\/acontecenafronteira.com.br\/?p=36028"},"modified":"2026-09-05T13:36:37","modified_gmt":"2026-09-05T16:36:37","slug":"festival-de-rock-no-parana-o-que-esperar-dos-shows","status":"publish","type":"post","link":"https:\/\/acontecenafronteira.com.br\/index.php\/2026\/09\/05\/festival-de-rock-no-parana-o-que-esperar-dos-shows\/","title":{"rendered":"Festival de Rock no Paran\u00e1: O que esperar dos shows"},"content":{"rendered":"<p>O cen\u00e1rio musical do Paran\u00e1 se movimenta com grandes expectativas para a chegada de grandes festivais e shows internacionais que atraem f\u00e3s de todo o estado.<\/p>\n<p>H2 Grandes Nomes do Rock no Sul do Brasil<\/p>\n<p>O p\u00fablico paranaense demonstra cada vez mais interesse em grandes produ\u00e7\u00f5es musicais, com eventos de peso que colocam o estado na rota dos principais artistas do mundo.<\/p>\n<p>H3 Impacto Cultural e Econ\u00f4mico<\/p>\n<p>A realiza\u00e7\u00e3o de grandes shows traz um impacto positivo para a economia local, impulsionando o turismo e o setor hoteleiro em cidades estrat\u00e9gicas do Paran\u00e1.<\/p>\n<p>Os f\u00e3s de rock da regi\u00e3o aguardam ansiosos por novas confirma\u00e7\u00f5es de turn\u00eas internacionais e apresenta\u00e7\u00f5es hist\u00f3ricas que marcam gera\u00e7\u00f5es de admiradores do g\u00eanero.<\/p>\n<p>Por Reda\u00e7\u00e3o Acontece<\/p>\n<p>Imagem: Divulga\u00e7\u00e3o\/Assessoria<\/p>\n","protected":false},"excerpt":{"rendered":"<p>O cen\u00e1rio musical do Paran\u00e1 se movimenta com grandes expectativas para a chegada de grandes festivais e shows internacionais que atraem f\u00e3s de todo o estado. H2 Grandes Nomes do Rock no Sul do Brasil O p\u00fablico paranaense demonstra cada vez mais interesse em grandes produ\u00e7\u00f5es musicais, com eventos de peso que colocam o estado [&hellip;]<\/p>\n","protected":false},"author":0,"featured_media":36036,"comment_status":"open","ping_status":"open","sticky":false,"template":"","format":"standard","meta":{"footnotes":""},"categories":[18],"tags":[],"class_list":["post-36028","post","type-post","status-publish","format-standard","has-post-thumbnail","hentry","category-parana"],"_links":{"self":[{"href":"https:\/\/acontecenafronteira.com.br\/index.php\/wp-json\/wp\/v2\/posts\/36028","targetHints":{"allow":["GET"]}}],"collection":[{"href":"https:\/\/acontecenafronteira.com.br\/index.php\/wp-json\/wp\/v2\/posts"}],"about":[{"href":"https:\/\/acontecenafronteira.com.br\/index.php\/wp-json\/wp\/v2\/types\/post"}],"replies":[{"embeddable":true,"href":"https:\/\/acontecenafronteira.com.br\/index.php\/wp-json\/wp\/v2\/comments?post=36028"}],"version-history":[{"count":1,"href":"https:\/\/acontecenafronteira.com.br\/index.php\/wp-json\/wp\/v2\/posts\/36028\/revisions"}],"predecessor-version":[{"id":36035,"href":"https:\/\/acontecenafronteira.com.br\/index.php\/wp-json\/wp\/v2\/posts\/36028\/revisions\/36035"}],"wp:featuredmedia":[{"embeddable":true,"href":"https:\/\/acontecenafronteira.com.br\/index.php\/wp-json\/wp\/v2\/media\/36036"}],"wp:attachment":[{"href":"https:\/\/acontecenafronteira.com.br\/index.php\/wp-json\/wp\/v2\/media?parent=36028"}],"wp:term":[{"taxonomy":"category","embeddable":true,"href":"https:\/\/acontecenafronteira.com.br\/index.php\/wp-json\/wp\/v2\/categories?post=36028"},{"taxonomy":"post_tag","embeddable":true,"href":"https:\/\/acontecenafronteira.com.br\/index.php\/wp-json\/wp\/v2\/tags?post=36028"}],"curies":[{"name":"wp","href":"https:\/\/api.w.org\/{rel}","templated":true}]}}