{"id":36027,"date":"2026-09-05T13:36:32","date_gmt":"2026-09-05T16:36:32","guid":{"rendered":"https:\/\/acontecenafronteira.com.br\/?p=36027"},"modified":"2026-09-05T13:36:32","modified_gmt":"2026-09-05T16:36:32","slug":"autistas-nas-eleicoes-candidatos-no-parana-crescem","status":"publish","type":"post","link":"https:\/\/acontecenafronteira.com.br\/index.php\/2026\/09\/05\/autistas-nas-eleicoes-candidatos-no-parana-crescem\/","title":{"rendered":"Autistas nas elei\u00e7\u00f5es: candidatos no Paran\u00e1 crescem"},"content":{"rendered":"<p>O cen\u00e1rio pol\u00edtico do Paran\u00e1 registra um salto expressivo na representatividade para as elei\u00e7\u00f5es gerais. O n\u00famero de candidatos que se declaram autistas passou de 13 no pleito de 2022 para 70 registros confirmados, o que representa um crescimento superior a cinco vezes.<\/p>\n<p>H2 Crescimento expressivo nas urnas paranaenses<\/p>\n<p>O avan\u00e7o na inclus\u00e3o de novos perfis nos registros oficiais do Tribunal Superior Eleitoral reflete uma mudan\u00e7a importante no engajamento pol\u00edtico. Os dados consolidados demonstram que mais cidad\u00e3os neurodivergentes est\u00e3o ocupando espa\u00e7o na corrida eleitoral estadual.<\/p>\n<p>H3 Amplia\u00e7\u00e3o do debate sobre acessibilidade<\/p>\n<p>A presen\u00e7a desses postulantes aos cargos p\u00fablicos traz para o centro das campanhas eleitorales discuss\u00f5es fundamentais sobre pol\u00edticas p\u00fablicas, direitos civis e inclus\u00e3o social no estado.<\/p>\n<p>Participa\u00e7\u00e3o ativa da sociedade<\/p>\n<p>Especialistas apontam que a visibilidade gerada por essas candidaturas estimula debates essenciais e abre caminhos para uma democracia mais plural e representativa em solo paranaense.<\/p>\n<p>A expectativa dos organizadores e movimentos sociais \u00e9 que a participa\u00e7\u00e3o recorde resulte em propostas efetivas voltadas \u00e0 comunidade autista ao longo dos pr\u00f3ximos mandatos.<\/p>\n<p>Por Reda\u00e7\u00e3o Acontece<\/p>\n<p>Cr\u00e9ditos da imagem: Divulga\u00e7\u00e3o\/TSE<\/p>\n","protected":false},"excerpt":{"rendered":"<p>O cen\u00e1rio pol\u00edtico do Paran\u00e1 registra um salto expressivo na representatividade para as elei\u00e7\u00f5es gerais. O n\u00famero de candidatos que se declaram autistas passou de 13 no pleito de 2022 para 70 registros confirmados, o que representa um crescimento superior a cinco vezes. H2 Crescimento expressivo nas urnas paranaenses O avan\u00e7o na inclus\u00e3o de novos [&hellip;]<\/p>\n","protected":false},"author":0,"featured_media":36034,"comment_status":"open","ping_status":"open","sticky":false,"template":"","format":"standard","meta":{"footnotes":""},"categories":[18],"tags":[],"class_list":["post-36027","post","type-post","status-publish","format-standard","has-post-thumbnail","hentry","category-parana"],"_links":{"self":[{"href":"https:\/\/acontecenafronteira.com.br\/index.php\/wp-json\/wp\/v2\/posts\/36027","targetHints":{"allow":["GET"]}}],"collection":[{"href":"https:\/\/acontecenafronteira.com.br\/index.php\/wp-json\/wp\/v2\/posts"}],"about":[{"href":"https:\/\/acontecenafronteira.com.br\/index.php\/wp-json\/wp\/v2\/types\/post"}],"replies":[{"embeddable":true,"href":"https:\/\/acontecenafronteira.com.br\/index.php\/wp-json\/wp\/v2\/comments?post=36027"}],"version-history":[{"count":1,"href":"https:\/\/acontecenafronteira.com.br\/index.php\/wp-json\/wp\/v2\/posts\/36027\/revisions"}],"predecessor-version":[{"id":36033,"href":"https:\/\/acontecenafronteira.com.br\/index.php\/wp-json\/wp\/v2\/posts\/36027\/revisions\/36033"}],"wp:featuredmedia":[{"embeddable":true,"href":"https:\/\/acontecenafronteira.com.br\/index.php\/wp-json\/wp\/v2\/media\/36034"}],"wp:attachment":[{"href":"https:\/\/acontecenafronteira.com.br\/index.php\/wp-json\/wp\/v2\/media?parent=36027"}],"wp:term":[{"taxonomy":"category","embeddable":true,"href":"https:\/\/acontecenafronteira.com.br\/index.php\/wp-json\/wp\/v2\/categories?post=36027"},{"taxonomy":"post_tag","embeddable":true,"href":"https:\/\/acontecenafronteira.com.br\/index.php\/wp-json\/wp\/v2\/tags?post=36027"}],"curies":[{"name":"wp","href":"https:\/\/api.w.org\/{rel}","templated":true}]}}