{"id":36026,"date":"2026-09-05T13:36:29","date_gmt":"2026-09-05T16:36:29","guid":{"rendered":"https:\/\/acontecenafronteira.com.br\/?p=36026"},"modified":"2026-09-05T13:36:29","modified_gmt":"2026-09-05T16:36:29","slug":"bastidores-do-psd-no-parana-geram-duvidas-na-eleicao","status":"publish","type":"post","link":"https:\/\/acontecenafronteira.com.br\/index.php\/2026\/09\/05\/bastidores-do-psd-no-parana-geram-duvidas-na-eleicao\/","title":{"rendered":"Bastidores do PSD no Paran\u00e1 geram d\u00favidas na elei\u00e7\u00e3o"},"content":{"rendered":"<p>A aus\u00eancia do secret\u00e1rio estadual Sandro Alex em materiais de campanha de outros correligion\u00e1rios do PSD tem chamado a aten\u00e7\u00e3o nos bastidores pol\u00edticos do Paran\u00e1.<\/p>\n<p>H2 Falta de visibilidade em Maring\u00e1 H2<\/p>\n<p>Eleitores e cabos eleitorais t\u00eam notado que os tradicionais wind banners de postulantes \u00e0s assembleias legislativas e \u00e0 c\u00e2mara federal pela legenda n\u00e3o exibem a imagem de Sandro Alex nas ruas de Maring\u00e1.<\/p>\n<p>H2 Sil\u00eancio partid\u00e1rio no interior H2<\/p>\n<p>A situa\u00e7\u00e3o levanta questionamentos sobre a estrat\u00e9gia adotada pela sigla no territ\u00f3rio paranaense e como a falta de integra\u00e7\u00e3o visual afeta o cen\u00e1rio pol\u00edtico regional.<\/p>\n<p>Enquanto a campanha avan\u00e7a, os candidatos seguem apostando em estrat\u00e9gias individualizadas nos munic\u00edpios do interior, mantendo cautela em rela\u00e7\u00e3o \u00e0s alian\u00e7as visuais.<\/p>\n<p>O desdobramento desse isolamento estrat\u00e9gico nos materiais de propaganda ainda deve repercutir entre as principais lideran\u00e7as da legenda at\u00e9 o dia da vota\u00e7\u00e3o.<\/p>\n<p>Por Reda\u00e7\u00e3o Acontece<\/p>\n<p>Cr\u00e9ditos da imagem: Divulga\u00e7\u00e3o\/PSD<\/p>\n","protected":false},"excerpt":{"rendered":"<p>A aus\u00eancia do secret\u00e1rio estadual Sandro Alex em materiais de campanha de outros correligion\u00e1rios do PSD tem chamado a aten\u00e7\u00e3o nos bastidores pol\u00edticos do Paran\u00e1. H2 Falta de visibilidade em Maring\u00e1 H2 Eleitores e cabos eleitorais t\u00eam notado que os tradicionais wind banners de postulantes \u00e0s assembleias legislativas e \u00e0 c\u00e2mara federal pela legenda n\u00e3o [&hellip;]<\/p>\n","protected":false},"author":0,"featured_media":36032,"comment_status":"open","ping_status":"open","sticky":false,"template":"","format":"standard","meta":{"footnotes":""},"categories":[18],"tags":[],"class_list":["post-36026","post","type-post","status-publish","format-standard","has-post-thumbnail","hentry","category-parana"],"_links":{"self":[{"href":"https:\/\/acontecenafronteira.com.br\/index.php\/wp-json\/wp\/v2\/posts\/36026","targetHints":{"allow":["GET"]}}],"collection":[{"href":"https:\/\/acontecenafronteira.com.br\/index.php\/wp-json\/wp\/v2\/posts"}],"about":[{"href":"https:\/\/acontecenafronteira.com.br\/index.php\/wp-json\/wp\/v2\/types\/post"}],"replies":[{"embeddable":true,"href":"https:\/\/acontecenafronteira.com.br\/index.php\/wp-json\/wp\/v2\/comments?post=36026"}],"version-history":[{"count":1,"href":"https:\/\/acontecenafronteira.com.br\/index.php\/wp-json\/wp\/v2\/posts\/36026\/revisions"}],"predecessor-version":[{"id":36031,"href":"https:\/\/acontecenafronteira.com.br\/index.php\/wp-json\/wp\/v2\/posts\/36026\/revisions\/36031"}],"wp:featuredmedia":[{"embeddable":true,"href":"https:\/\/acontecenafronteira.com.br\/index.php\/wp-json\/wp\/v2\/media\/36032"}],"wp:attachment":[{"href":"https:\/\/acontecenafronteira.com.br\/index.php\/wp-json\/wp\/v2\/media?parent=36026"}],"wp:term":[{"taxonomy":"category","embeddable":true,"href":"https:\/\/acontecenafronteira.com.br\/index.php\/wp-json\/wp\/v2\/categories?post=36026"},{"taxonomy":"post_tag","embeddable":true,"href":"https:\/\/acontecenafronteira.com.br\/index.php\/wp-json\/wp\/v2\/tags?post=36026"}],"curies":[{"name":"wp","href":"https:\/\/api.w.org\/{rel}","templated":true}]}}