{"id":35993,"date":"2026-09-05T11:37:42","date_gmt":"2026-09-05T14:37:42","guid":{"rendered":"https:\/\/acontecenafronteira.com.br\/?p=35993"},"modified":"2026-09-05T11:37:42","modified_gmt":"2026-09-05T14:37:42","slug":"auditor-fiscal-e-feito-refem-em-assalto-no-parana","status":"publish","type":"post","link":"https:\/\/acontecenafronteira.com.br\/index.php\/2026\/09\/05\/auditor-fiscal-e-feito-refem-em-assalto-no-parana\/","title":{"rendered":"Auditor fiscal \u00e9 feito ref\u00e9m em assalto no Paran\u00e1"},"content":{"rendered":"<p>Uma fam\u00edlia foi mantida ref\u00e9m durante a invas\u00e3o de sua resid\u00eancia por uma quadrilha armada na tarde de sexta-feira, dia 4 de setembro, em uma cidade do estado do Paran\u00e1. Cinco criminosos armados com pistolas e rev\u00f3lveres participaram da a\u00e7\u00e3o criminosa ap\u00f3s entrarem no im\u00f3vel utilizando um controle remoto clonado.<\/p>\n<h2>Din\u00e2mica do crime no Paran\u00e1<\/h2>\n<p>O assalto ocorreu por volta das 17h30, momento em que os moradores foram surpreendidos pelos assaltantes que utilizavam m\u00e1scaras e luvas para evitar a identifica\u00e7\u00e3o. Durante a a\u00e7\u00e3o na resid\u00eancia, as v\u00edtimas foram rendidas e amarradas enquanto os criminosos vasculhavam os c\u00f4modos em busca de objetos de valor.<\/p>\n<h2>Itens levados pela quadrilha<\/h2>\n<p>Apesar da tens\u00e3o vivida pela fam\u00edlia do auditor fiscal, nenhum dos moradores sofreu ferimentos graves durante a abordagem. Os criminosos conseguiram fugir levando diversos aparelhos celulares e uma pistola calibre .380 pertencente a um dos moradores, que possui registro de Colecionador, Atirador Desportivo e Ca\u00e7ador (CAC).<\/p>\n<p>As autoridades policiais locais registraram a ocorr\u00eancia e iniciaram as investiga\u00e7\u00f5es para identificar e capturar os cinco suspeitos envolvidos no roubo. At\u00e9 o momento do fechamento desta reportagem, nenhum dos integrantes da quadrilha havia sido localizado ou preso pelas for\u00e7as de seguran\u00e7a do Paran\u00e1.<\/p>\n<p>Por Reda\u00e7\u00e3o Acontece<\/p>\n<p>Cr\u00e9ditos da imagem: Divulga\u00e7\u00e3o \/ Pol\u00edcia Civil<\/p>\n","protected":false},"excerpt":{"rendered":"<p>Uma fam\u00edlia foi mantida ref\u00e9m durante a invas\u00e3o de sua resid\u00eancia por uma quadrilha armada na tarde de sexta-feira, dia 4 de setembro, em uma cidade do estado do Paran\u00e1. Cinco criminosos armados com pistolas e rev\u00f3lveres participaram da a\u00e7\u00e3o criminosa ap\u00f3s entrarem no im\u00f3vel utilizando um controle remoto clonado. Din\u00e2mica do crime no Paran\u00e1 [&hellip;]<\/p>\n","protected":false},"author":0,"featured_media":36001,"comment_status":"open","ping_status":"open","sticky":false,"template":"","format":"standard","meta":{"footnotes":""},"categories":[6],"tags":[],"class_list":["post-35993","post","type-post","status-publish","format-standard","has-post-thumbnail","hentry","category-mercosul"],"_links":{"self":[{"href":"https:\/\/acontecenafronteira.com.br\/index.php\/wp-json\/wp\/v2\/posts\/35993","targetHints":{"allow":["GET"]}}],"collection":[{"href":"https:\/\/acontecenafronteira.com.br\/index.php\/wp-json\/wp\/v2\/posts"}],"about":[{"href":"https:\/\/acontecenafronteira.com.br\/index.php\/wp-json\/wp\/v2\/types\/post"}],"replies":[{"embeddable":true,"href":"https:\/\/acontecenafronteira.com.br\/index.php\/wp-json\/wp\/v2\/comments?post=35993"}],"version-history":[{"count":1,"href":"https:\/\/acontecenafronteira.com.br\/index.php\/wp-json\/wp\/v2\/posts\/35993\/revisions"}],"predecessor-version":[{"id":36000,"href":"https:\/\/acontecenafronteira.com.br\/index.php\/wp-json\/wp\/v2\/posts\/35993\/revisions\/36000"}],"wp:featuredmedia":[{"embeddable":true,"href":"https:\/\/acontecenafronteira.com.br\/index.php\/wp-json\/wp\/v2\/media\/36001"}],"wp:attachment":[{"href":"https:\/\/acontecenafronteira.com.br\/index.php\/wp-json\/wp\/v2\/media?parent=35993"}],"wp:term":[{"taxonomy":"category","embeddable":true,"href":"https:\/\/acontecenafronteira.com.br\/index.php\/wp-json\/wp\/v2\/categories?post=35993"},{"taxonomy":"post_tag","embeddable":true,"href":"https:\/\/acontecenafronteira.com.br\/index.php\/wp-json\/wp\/v2\/tags?post=35993"}],"curies":[{"name":"wp","href":"https:\/\/api.w.org\/{rel}","templated":true}]}}