{"id":35992,"date":"2026-09-05T11:37:38","date_gmt":"2026-09-05T14:37:38","guid":{"rendered":"https:\/\/acontecenafronteira.com.br\/?p=35992"},"modified":"2026-09-05T11:37:38","modified_gmt":"2026-09-05T14:37:38","slug":"eua-atacam-petroleiros-iranianos-apos-ofensiva-no-oriente-medio","status":"publish","type":"post","link":"https:\/\/acontecenafronteira.com.br\/index.php\/2026\/09\/05\/eua-atacam-petroleiros-iranianos-apos-ofensiva-no-oriente-medio\/","title":{"rendered":"EUA atacam petroleiros iranianos ap\u00f3s ofensiva no Oriente M\u00e9dio"},"content":{"rendered":"<p>As for\u00e7as militares dos Estados Unidos confirmaram a destrui\u00e7\u00e3o de tr\u00eas petroleiros iranianos durante opera\u00e7\u00f5es retaliat\u00f3rias no \u00faltimo s\u00e1bado (5\/9), ap\u00f3s embarca\u00e7\u00f5es de guerra norte-americanas terem sido alvos de m\u00edsseis bal\u00edsticos disparados pela Guarda Revolucion\u00e1ria Isl\u00e2mica.<\/p>\n<h2>Resposta militar imediata dos Estados Unidos<\/h2>\n<p>O Comando Central americano informou que um porta-avi\u00f5es e um destr\u00f3ier conseguiram repelir a investida inicial sem registrar feridos entre os militares. Como retalia\u00e7\u00e3o \u00e0 agress\u00e3o, o governo dos EUA ordenou ataques cir\u00fargicos que inutilizaram permanentemente tr\u00eas embarca\u00e7\u00f5es ligadas ao regime de Teer\u00e3.<\/p>\n<h2>Alvos estrat\u00e9gicos e preju\u00edzo financeiro<\/h2>\n<p>Entre os alvos neutralizados est\u00e3o os petroleiros M\/T Downy e M\/T Stark 1, al\u00e9m de uma terceira embarca\u00e7\u00e3o conhecida como M\/T Kylo ou Noxen, localizada no Golfo de Om\u00e3. De acordo com as autoridades militares, os navios integravam uma rede multimilion\u00e1ria de escoamento de petr\u00f3leo usada para financiar grupos aliados ao governo iraniano.<\/p>\n<p>Contexto geopol\u00edtico e tens\u00e3o crescente A escalada de confrontos mar\u00edtimos coloca em evid\u00eancia a fragilidade das rotas comerciais na regi\u00e3o, especialmente em zonas estrat\u00e9gicas como a ilha de Kharg e as proximidades de Jask, fundamentais para a economia do Oriente M\u00e9dio.<\/p>\n<p>Por Reda\u00e7\u00e3o Acontece<\/p>\n<p>Foto: Divulga\u00e7\u00e3o \/ Centcom<\/p>\n","protected":false},"excerpt":{"rendered":"<p>As for\u00e7as militares dos Estados Unidos confirmaram a destrui\u00e7\u00e3o de tr\u00eas petroleiros iranianos durante opera\u00e7\u00f5es retaliat\u00f3rias no \u00faltimo s\u00e1bado (5\/9), ap\u00f3s embarca\u00e7\u00f5es de guerra norte-americanas terem sido alvos de m\u00edsseis bal\u00edsticos disparados pela Guarda Revolucion\u00e1ria Isl\u00e2mica. Resposta militar imediata dos Estados Unidos O Comando Central americano informou que um porta-avi\u00f5es e um destr\u00f3ier conseguiram repelir [&hellip;]<\/p>\n","protected":false},"author":0,"featured_media":35999,"comment_status":"open","ping_status":"open","sticky":false,"template":"","format":"standard","meta":{"footnotes":""},"categories":[6],"tags":[],"class_list":["post-35992","post","type-post","status-publish","format-standard","has-post-thumbnail","hentry","category-mercosul"],"_links":{"self":[{"href":"https:\/\/acontecenafronteira.com.br\/index.php\/wp-json\/wp\/v2\/posts\/35992","targetHints":{"allow":["GET"]}}],"collection":[{"href":"https:\/\/acontecenafronteira.com.br\/index.php\/wp-json\/wp\/v2\/posts"}],"about":[{"href":"https:\/\/acontecenafronteira.com.br\/index.php\/wp-json\/wp\/v2\/types\/post"}],"replies":[{"embeddable":true,"href":"https:\/\/acontecenafronteira.com.br\/index.php\/wp-json\/wp\/v2\/comments?post=35992"}],"version-history":[{"count":1,"href":"https:\/\/acontecenafronteira.com.br\/index.php\/wp-json\/wp\/v2\/posts\/35992\/revisions"}],"predecessor-version":[{"id":35998,"href":"https:\/\/acontecenafronteira.com.br\/index.php\/wp-json\/wp\/v2\/posts\/35992\/revisions\/35998"}],"wp:featuredmedia":[{"embeddable":true,"href":"https:\/\/acontecenafronteira.com.br\/index.php\/wp-json\/wp\/v2\/media\/35999"}],"wp:attachment":[{"href":"https:\/\/acontecenafronteira.com.br\/index.php\/wp-json\/wp\/v2\/media?parent=35992"}],"wp:term":[{"taxonomy":"category","embeddable":true,"href":"https:\/\/acontecenafronteira.com.br\/index.php\/wp-json\/wp\/v2\/categories?post=35992"},{"taxonomy":"post_tag","embeddable":true,"href":"https:\/\/acontecenafronteira.com.br\/index.php\/wp-json\/wp\/v2\/tags?post=35992"}],"curies":[{"name":"wp","href":"https:\/\/api.w.org\/{rel}","templated":true}]}}