{"id":35980,"date":"2026-09-05T11:37:26","date_gmt":"2026-09-05T14:37:26","guid":{"rendered":"https:\/\/acontecenafronteira.com.br\/?p=35980"},"modified":"2026-09-05T11:37:26","modified_gmt":"2026-09-05T14:37:26","slug":"gabriela-botelho-na-final-do-miss-mundo-2026-no-vietna","status":"publish","type":"post","link":"https:\/\/acontecenafronteira.com.br\/index.php\/2026\/09\/05\/gabriela-botelho-na-final-do-miss-mundo-2026-no-vietna\/","title":{"rendered":"Gabriela Botelho na final do Miss Mundo 2026 no Vietn\u00e3"},"content":{"rendered":"<p>A representante do Brasil no Miss Mundo 2026, Gabriela Botelho, definiu o figurino que usar\u00e1 na grande final do concurso internacional, marcada para este s\u00e1bado (5), em Nha Trang, no Vietn\u00e3. A candidata de 25 anos subir\u00e1 ao palco com um vestido azul repleto de pedrarias, que traz como elementos centrais costas abertas e uma capa combinando, em uma homenagem est\u00e9tica ao barroco mineiro.<\/p>\n<h2>Trajet\u00f3ria nos concursos e forma\u00e7\u00e3o acad\u00eamica<\/h2>\n<p>A jornada da modelo no universo dos concursos de beleza come\u00e7ou muito cedo, quando ela tinha apenas quatro anos de idade. Al\u00e9m da experi\u00eancia na passarela, Gabriela possui forma\u00e7\u00e3o superior nas \u00e1reas de Administra\u00e7\u00e3o e Design de Moda, acumulando uma longa viv\u00eancia em causas sociais ao longo da vida.<\/p>\n<p>Antes de alcan\u00e7ar o posto nacional, a brasileira disputou o Miss Brasil Mundo em 2021 representando o estado do Esp\u00edrito Santo. Naquela ocasi\u00e3o, conquistou a terceira coloca\u00e7\u00e3o geral e obteve forte destaque na categoria Beleza com Prop\u00f3sito, focada em iniciativas de impacto social.<\/p>\n<h2>Atua\u00e7\u00e3o volunt\u00e1ria e hist\u00f3rico de solidariedade<\/h2>\n<h2>Apoio a causas sociais e doen\u00e7as raras<\/h2>\n<p>Entre as 111 concorrentes que disputam a coroa mundial, a brasileira se destaca pelo forte engajamento em trabalhos volunt\u00e1rios. Ela dedicou cinco anos de atua\u00e7\u00e3o a a\u00e7\u00f5es humanit\u00e1rias na cidade de Brumadinho, em Minas Gerais, logo ap\u00f3s o rompimento da barragem na regi\u00e3o.<\/p>\n<p>Atualmente, a candidata exerce o papel de embaixadora da Casa de Maria, organiza\u00e7\u00e3o sediada em Belo Horizonte que presta assist\u00eancia multidisciplinar gratuita a crian\u00e7as diagnosticadas com doen\u00e7as raras e apoia seus familiares.<\/p>\n<p>O pa\u00eds vai em busca de sua segunda coroa na hist\u00f3ria do tradicional concurso internacional. At\u00e9 o momento, a \u00fanica brasileira que conseguiu vencer a competi\u00e7\u00e3o mundial foi L\u00facia Petterle, que faturou o t\u00edtulo no ano de 1971.<\/p>\n<p>Por Reda\u00e7\u00e3o Acontece Cr\u00e9ditos da imagem: Divulga\u00e7\u00e3o \/ Miss Mundo<\/p>\n","protected":false},"excerpt":{"rendered":"<p>A representante do Brasil no Miss Mundo 2026, Gabriela Botelho, definiu o figurino que usar\u00e1 na grande final do concurso internacional, marcada para este s\u00e1bado (5), em Nha Trang, no Vietn\u00e3. A candidata de 25 anos subir\u00e1 ao palco com um vestido azul repleto de pedrarias, que traz como elementos centrais costas abertas e uma [&hellip;]<\/p>\n","protected":false},"author":0,"featured_media":35990,"comment_status":"open","ping_status":"open","sticky":false,"template":"","format":"standard","meta":{"footnotes":""},"categories":[28],"tags":[],"class_list":["post-35980","post","type-post","status-publish","format-standard","has-post-thumbnail","hentry","category-mundo"],"_links":{"self":[{"href":"https:\/\/acontecenafronteira.com.br\/index.php\/wp-json\/wp\/v2\/posts\/35980","targetHints":{"allow":["GET"]}}],"collection":[{"href":"https:\/\/acontecenafronteira.com.br\/index.php\/wp-json\/wp\/v2\/posts"}],"about":[{"href":"https:\/\/acontecenafronteira.com.br\/index.php\/wp-json\/wp\/v2\/types\/post"}],"replies":[{"embeddable":true,"href":"https:\/\/acontecenafronteira.com.br\/index.php\/wp-json\/wp\/v2\/comments?post=35980"}],"version-history":[{"count":1,"href":"https:\/\/acontecenafronteira.com.br\/index.php\/wp-json\/wp\/v2\/posts\/35980\/revisions"}],"predecessor-version":[{"id":35989,"href":"https:\/\/acontecenafronteira.com.br\/index.php\/wp-json\/wp\/v2\/posts\/35980\/revisions\/35989"}],"wp:featuredmedia":[{"embeddable":true,"href":"https:\/\/acontecenafronteira.com.br\/index.php\/wp-json\/wp\/v2\/media\/35990"}],"wp:attachment":[{"href":"https:\/\/acontecenafronteira.com.br\/index.php\/wp-json\/wp\/v2\/media?parent=35980"}],"wp:term":[{"taxonomy":"category","embeddable":true,"href":"https:\/\/acontecenafronteira.com.br\/index.php\/wp-json\/wp\/v2\/categories?post=35980"},{"taxonomy":"post_tag","embeddable":true,"href":"https:\/\/acontecenafronteira.com.br\/index.php\/wp-json\/wp\/v2\/tags?post=35980"}],"curies":[{"name":"wp","href":"https:\/\/api.w.org\/{rel}","templated":true}]}}