{"id":35978,"date":"2026-09-05T11:37:18","date_gmt":"2026-09-05T14:37:18","guid":{"rendered":"https:\/\/acontecenafronteira.com.br\/?p=35978"},"modified":"2026-09-05T11:37:18","modified_gmt":"2026-09-05T14:37:18","slug":"foz-do-iguacu-debate-mobilidade-urbana-e-transito-intenso","status":"publish","type":"post","link":"https:\/\/acontecenafronteira.com.br\/index.php\/2026\/09\/05\/foz-do-iguacu-debate-mobilidade-urbana-e-transito-intenso\/","title":{"rendered":"Foz do Igua\u00e7u debate mobilidade urbana e tr\u00e2nsito intenso"},"content":{"rendered":"<p>A quest\u00e3o da <strong>mobilidade urbana<\/strong> tornou-se o principal desafio enfrentado por moradores, trabalhadores e visitantes que circulam diariamente pelas vias da regi\u00e3o de Foz do Igua\u00e7u, gerando debates acalorados sobre solu\u00e7\u00f5es para o tr\u00e1fego intenso.<\/p>\n<h2>Desafios no tr\u00e2nsito local<\/h2>\n<p>O fluxo veicular sobrecarregado afeta diretamente a rotina de quem depende do transporte di\u00e1rio para se deslocar entre os bairros e o centro da cidade, resultando em horas perdidas nos engarrafamentos.<\/p>\n<h3>Alternativas e solu\u00e7\u00f5es<\/h3>\n<p>Especialistas em planejamento urbano e representantes do poder p\u00fablico discutem novas interven\u00e7\u00f5es vi\u00e1rias e melhorias no transporte coletivo para tentar desafogar as principais art\u00e9rias de tr\u00e1fego do munic\u00edpio paranaense.<\/p>\n<p>A participa\u00e7\u00e3o popular tem sido fundamental para apontar as prioridades de investimento em infraestrutura, com enquetes e consultas p\u00fablicas revelando o tamanho da insatisfa\u00e7\u00e3o com os gargalhos vi\u00e1rios atuais.<\/p>\n<p>Enquanto novas obras de recapeamento e reestrutura\u00e7\u00e3o de cruzamentos n\u00e3o saem integralmente do papel, a popula\u00e7\u00e3o continua cobrando agilidade das autoridades para amenizar os transtornos di\u00e1rios.<\/p>\n<p>O tema seguir\u00e1 em pauta nas discuss\u00f5es sobre o desenvolvimento sustent\u00e1vel de Foz do Igua\u00e7u, exigindo planejamento de longo prazo para garantir um fluxo mais seguro e eficiente para todos.<\/p>\n<p>Por Reda\u00e7\u00e3o Acontece<\/p>\n<p>Imagem: Divulga\u00e7\u00e3o \/ Prefeitura de Foz do Igua\u00e7u<\/p>\n","protected":false},"excerpt":{"rendered":"<p>A quest\u00e3o da mobilidade urbana tornou-se o principal desafio enfrentado por moradores, trabalhadores e visitantes que circulam diariamente pelas vias da regi\u00e3o de Foz do Igua\u00e7u, gerando debates acalorados sobre solu\u00e7\u00f5es para o tr\u00e1fego intenso. Desafios no tr\u00e2nsito local O fluxo veicular sobrecarregado afeta diretamente a rotina de quem depende do transporte di\u00e1rio para se [&hellip;]<\/p>\n","protected":false},"author":0,"featured_media":35986,"comment_status":"open","ping_status":"open","sticky":false,"template":"","format":"standard","meta":{"footnotes":""},"categories":[28],"tags":[],"class_list":["post-35978","post","type-post","status-publish","format-standard","has-post-thumbnail","hentry","category-mundo"],"_links":{"self":[{"href":"https:\/\/acontecenafronteira.com.br\/index.php\/wp-json\/wp\/v2\/posts\/35978","targetHints":{"allow":["GET"]}}],"collection":[{"href":"https:\/\/acontecenafronteira.com.br\/index.php\/wp-json\/wp\/v2\/posts"}],"about":[{"href":"https:\/\/acontecenafronteira.com.br\/index.php\/wp-json\/wp\/v2\/types\/post"}],"replies":[{"embeddable":true,"href":"https:\/\/acontecenafronteira.com.br\/index.php\/wp-json\/wp\/v2\/comments?post=35978"}],"version-history":[{"count":1,"href":"https:\/\/acontecenafronteira.com.br\/index.php\/wp-json\/wp\/v2\/posts\/35978\/revisions"}],"predecessor-version":[{"id":35985,"href":"https:\/\/acontecenafronteira.com.br\/index.php\/wp-json\/wp\/v2\/posts\/35978\/revisions\/35985"}],"wp:featuredmedia":[{"embeddable":true,"href":"https:\/\/acontecenafronteira.com.br\/index.php\/wp-json\/wp\/v2\/media\/35986"}],"wp:attachment":[{"href":"https:\/\/acontecenafronteira.com.br\/index.php\/wp-json\/wp\/v2\/media?parent=35978"}],"wp:term":[{"taxonomy":"category","embeddable":true,"href":"https:\/\/acontecenafronteira.com.br\/index.php\/wp-json\/wp\/v2\/categories?post=35978"},{"taxonomy":"post_tag","embeddable":true,"href":"https:\/\/acontecenafronteira.com.br\/index.php\/wp-json\/wp\/v2\/tags?post=35978"}],"curies":[{"name":"wp","href":"https:\/\/api.w.org\/{rel}","templated":true}]}}