{"id":35977,"date":"2026-09-05T11:37:08","date_gmt":"2026-09-05T14:37:08","guid":{"rendered":"https:\/\/acontecenafronteira.com.br\/?p=35977"},"modified":"2026-09-05T11:37:08","modified_gmt":"2026-09-05T14:37:08","slug":"acidente-tragico-com-javalis-no-parana-gera-alerta","status":"publish","type":"post","link":"https:\/\/acontecenafronteira.com.br\/index.php\/2026\/09\/05\/acidente-tragico-com-javalis-no-parana-gera-alerta\/","title":{"rendered":"Acidente tr\u00e1gico com javalis no Paran\u00e1 gera alerta"},"content":{"rendered":"<p>Um motorista de 63 anos perdeu a vida em um grave acidente rodovi\u00e1rio ap\u00f3s o ve\u00edculo que conduzia atropelar um grupo de aproximadamente dez porcos selvagens e capotar v\u00e1rias vezes em uma zona rural.<\/p>\n<p>H2 Din\u00e2mica da colis\u00e3o na rodovia H3<\/p>\n<p>Identificado como Roger Gregory Cummings, o condutor trafegava por uma estrada secund\u00e1ria quando foi surpreendido pelos animais na pista. O autom\u00f3vel saiu da trajet\u00f3ria, cruzou uma canaleta e colidiu contra uma cerca de arame.<\/p>\n<p>Conforme os registros oficiais da pol\u00edcia rodovi\u00e1ria local, o motorista n\u00e3o utilizava o cinto de seguran\u00e7a no instante do impacto. Com a for\u00e7a das voltas dadas pelo carro, ele acabou sendo lan\u00e7ado para fora e o ve\u00edculo parou sobre seu corpo.<\/p>\n<p>H2 Investiga\u00e7\u00f5es e perigo dos animais silvestres H3<\/p>\n<p>Os peritos ainda apuram a hora exata em que a trag\u00e9dia aconteceu, visto que a v\u00edtima havia sido vista pela \u00faltima vez quase \u00e0 meia-noite daquela quarta-feira. O caso segue sob apura\u00e7\u00e3o das autoridades de tr\u00e2nsito.<\/p>\n<p>A regi\u00e3o onde o fato ocorreu \u00e9 amplamente conhecida pela alta incid\u00eancia de javalis, que costumam intensificar sua movimenta\u00e7\u00e3o durante o per\u00edodo noturno. Especialistas ambientais alertam que esses animais representam um risco constante para quem trafega pelas estradas.<\/p>\n<p>Colegas de trabalho e familiares prestaram homenagens ao motorista, que havia acabado de se aposentar ap\u00f3s quatro d\u00e9cadas dedicadas ao trabalho em uma madeireira local, deixando esposa e um filho.<\/p>\n<p>Por Reda\u00e7\u00e3o Acontece<\/p>\n<p>Foto: Divulga\u00e7\u00e3o\/Pol\u00edcia Rodovi\u00e1ria<\/p>\n","protected":false},"excerpt":{"rendered":"<p>Um motorista de 63 anos perdeu a vida em um grave acidente rodovi\u00e1rio ap\u00f3s o ve\u00edculo que conduzia atropelar um grupo de aproximadamente dez porcos selvagens e capotar v\u00e1rias vezes em uma zona rural. H2 Din\u00e2mica da colis\u00e3o na rodovia H3 Identificado como Roger Gregory Cummings, o condutor trafegava por uma estrada secund\u00e1ria quando foi [&hellip;]<\/p>\n","protected":false},"author":0,"featured_media":35984,"comment_status":"open","ping_status":"open","sticky":false,"template":"","format":"standard","meta":{"footnotes":""},"categories":[28],"tags":[],"class_list":["post-35977","post","type-post","status-publish","format-standard","has-post-thumbnail","hentry","category-mundo"],"_links":{"self":[{"href":"https:\/\/acontecenafronteira.com.br\/index.php\/wp-json\/wp\/v2\/posts\/35977","targetHints":{"allow":["GET"]}}],"collection":[{"href":"https:\/\/acontecenafronteira.com.br\/index.php\/wp-json\/wp\/v2\/posts"}],"about":[{"href":"https:\/\/acontecenafronteira.com.br\/index.php\/wp-json\/wp\/v2\/types\/post"}],"replies":[{"embeddable":true,"href":"https:\/\/acontecenafronteira.com.br\/index.php\/wp-json\/wp\/v2\/comments?post=35977"}],"version-history":[{"count":1,"href":"https:\/\/acontecenafronteira.com.br\/index.php\/wp-json\/wp\/v2\/posts\/35977\/revisions"}],"predecessor-version":[{"id":35983,"href":"https:\/\/acontecenafronteira.com.br\/index.php\/wp-json\/wp\/v2\/posts\/35977\/revisions\/35983"}],"wp:featuredmedia":[{"embeddable":true,"href":"https:\/\/acontecenafronteira.com.br\/index.php\/wp-json\/wp\/v2\/media\/35984"}],"wp:attachment":[{"href":"https:\/\/acontecenafronteira.com.br\/index.php\/wp-json\/wp\/v2\/media?parent=35977"}],"wp:term":[{"taxonomy":"category","embeddable":true,"href":"https:\/\/acontecenafronteira.com.br\/index.php\/wp-json\/wp\/v2\/categories?post=35977"},{"taxonomy":"post_tag","embeddable":true,"href":"https:\/\/acontecenafronteira.com.br\/index.php\/wp-json\/wp\/v2\/tags?post=35977"}],"curies":[{"name":"wp","href":"https:\/\/api.w.org\/{rel}","templated":true}]}}