{"id":35965,"date":"2026-09-05T11:36:51","date_gmt":"2026-09-05T14:36:51","guid":{"rendered":"https:\/\/acontecenafronteira.com.br\/?p=35965"},"modified":"2026-09-05T11:36:51","modified_gmt":"2026-09-05T14:36:51","slug":"justica-do-parana-anula-demissao-de-professora-em-londrina","status":"publish","type":"post","link":"https:\/\/acontecenafronteira.com.br\/index.php\/2026\/09\/05\/justica-do-parana-anula-demissao-de-professora-em-londrina\/","title":{"rendered":"Justi\u00e7a do Paran\u00e1 anula demiss\u00e3o de professora em Londrina"},"content":{"rendered":"<p>A Justi\u00e7a do Paran\u00e1 ordenou a volta imediata, em car\u00e1ter provis\u00f3rio, de uma docente da rede municipal de ensino de Londrina. A servidora havia perdido seus dois cargos p\u00fablicos ap\u00f3s sofrer uma demiss\u00e3o que agora \u00e9 questionada judicialmente por cerceamento de defesa durante um Processo Administrativo Disciplinar (PAD).<\/p>\n<p>H2 Entenda o caso da servidora municipal<\/p>\n<p>H3 O impedimento do depoimento<\/p>\n<p>De acordo com os autos do processo, a educadora foi penalizada com a perda de suas fun\u00e7\u00f5es p\u00fablicas sem que pudesse apresentar sua vers\u00e3o dos fatos. A comiss\u00e3o respons\u00e1vel pelo PAD recusou a participa\u00e7\u00e3o de sua defesa t\u00e9cnica e a impediu de prestar depoimento, um direito fundamental garantido em qualquer procedimento administrativo.<\/p>\n<p>H2 A decis\u00e3o da Justi\u00e7a paranaense<\/p>\n<p>O magistrado respons\u00e1vel pelo caso apontou uma clara viola\u00e7\u00e3o aos princ\u00edpios constitucionais do contradit\u00f3rio e da ampla defesa. Para a Justi\u00e7a, a negativa em ouvir a testemunha e a pr\u00f3pria acusada invalidou os atos do processo disciplinar, tornando a puni\u00e7\u00e3o desproporcional e ilegal.<\/p>\n<p>Com a senten\u00e7a favor\u00e1vel, a profissional dever\u00e1 retomar suas atividades habituais nas escolas municipais enquanto o m\u00e9rito da a\u00e7\u00e3o principal continua sendo julgado nas inst\u00e2ncias judiciais.<\/p>\n<p>Por Reda\u00e7\u00e3o Acontece<\/p>\n<p>Cr\u00e9ditos da imagem: Divulga\u00e7\u00e3o \/ Prefeitura de Londrina<\/p>\n","protected":false},"excerpt":{"rendered":"<p>A Justi\u00e7a do Paran\u00e1 ordenou a volta imediata, em car\u00e1ter provis\u00f3rio, de uma docente da rede municipal de ensino de Londrina. A servidora havia perdido seus dois cargos p\u00fablicos ap\u00f3s sofrer uma demiss\u00e3o que agora \u00e9 questionada judicialmente por cerceamento de defesa durante um Processo Administrativo Disciplinar (PAD). H2 Entenda o caso da servidora municipal [&hellip;]<\/p>\n","protected":false},"author":0,"featured_media":35975,"comment_status":"open","ping_status":"open","sticky":false,"template":"","format":"standard","meta":{"footnotes":""},"categories":[18],"tags":[],"class_list":["post-35965","post","type-post","status-publish","format-standard","has-post-thumbnail","hentry","category-parana"],"_links":{"self":[{"href":"https:\/\/acontecenafronteira.com.br\/index.php\/wp-json\/wp\/v2\/posts\/35965","targetHints":{"allow":["GET"]}}],"collection":[{"href":"https:\/\/acontecenafronteira.com.br\/index.php\/wp-json\/wp\/v2\/posts"}],"about":[{"href":"https:\/\/acontecenafronteira.com.br\/index.php\/wp-json\/wp\/v2\/types\/post"}],"replies":[{"embeddable":true,"href":"https:\/\/acontecenafronteira.com.br\/index.php\/wp-json\/wp\/v2\/comments?post=35965"}],"version-history":[{"count":1,"href":"https:\/\/acontecenafronteira.com.br\/index.php\/wp-json\/wp\/v2\/posts\/35965\/revisions"}],"predecessor-version":[{"id":35974,"href":"https:\/\/acontecenafronteira.com.br\/index.php\/wp-json\/wp\/v2\/posts\/35965\/revisions\/35974"}],"wp:featuredmedia":[{"embeddable":true,"href":"https:\/\/acontecenafronteira.com.br\/index.php\/wp-json\/wp\/v2\/media\/35975"}],"wp:attachment":[{"href":"https:\/\/acontecenafronteira.com.br\/index.php\/wp-json\/wp\/v2\/media?parent=35965"}],"wp:term":[{"taxonomy":"category","embeddable":true,"href":"https:\/\/acontecenafronteira.com.br\/index.php\/wp-json\/wp\/v2\/categories?post=35965"},{"taxonomy":"post_tag","embeddable":true,"href":"https:\/\/acontecenafronteira.com.br\/index.php\/wp-json\/wp\/v2\/tags?post=35965"}],"curies":[{"name":"wp","href":"https:\/\/api.w.org\/{rel}","templated":true}]}}