{"id":35963,"date":"2026-09-05T11:36:44","date_gmt":"2026-09-05T14:36:44","guid":{"rendered":"https:\/\/acontecenafronteira.com.br\/?p=35963"},"modified":"2026-09-05T11:36:44","modified_gmt":"2026-09-05T14:36:44","slug":"stock-car-em-foz-do-iguacu-relembre-a-trajetoria-da-categoria","status":"publish","type":"post","link":"https:\/\/acontecenafronteira.com.br\/index.php\/2026\/09\/05\/stock-car-em-foz-do-iguacu-relembre-a-trajetoria-da-categoria\/","title":{"rendered":"Stock Car em Foz do Igua\u00e7u: Relembre a trajet\u00f3ria da categoria"},"content":{"rendered":"<p>A principal categoria do automobilismo nacional possui uma forte liga\u00e7\u00e3o com o estado do Paran\u00e1, palco de momentos hist\u00f3ricos para a velocidade brasileira ao longo de suas d\u00e9cadas de exist\u00eancia.<\/p>\n<h2>A paix\u00e3o pelo automobilismo paranaense<\/h2>\n<p>Parnamirim e outras pra\u00e7as do estado sempre receberam com entusiasmo as etapas da competi\u00e7\u00e3o, mobilizando f\u00e3s de velocidade de toda a regi\u00e3o sul do pa\u00eds.<\/p>\n<h3>Grandes nomes nas pistas<\/h3>\n<p>Pilotos paranaenses j\u00e1 deixaram suas marcas na hist\u00f3ria da categoria, conquistando p\u00f3dios memor\u00e1veis e escrevendo cap\u00edtulos importantes no esporte a motor nacional.<\/p>\n<h2>Desafios e evolu\u00e7\u00e3o tecnol\u00f3gica<\/h2>\n<p>Ao longo dos anos, os carros da Stock Pro Series passaram por profundas transforma\u00e7\u00f5es aerodin\u00e2micas e mec\u00e2nicas, garantindo disputas cada vez mais acirradas.<\/p>\n<p>A busca por maior competitividade e seguran\u00e7a transformou os aut\u00f3dromos em verdadeiros laborat\u00f3rios de inova\u00e7\u00e3o para a ind\u00fastria automobil\u00edstica.<\/p>\n<p>O futuro da modalidade continua promissor, com expectativas de novas etapas na regi\u00e3o e a cont\u00ednua renova\u00e7\u00e3o de f\u00e3s apaixonados pela velocidade.<\/p>\n<p>Por Reda\u00e7\u00e3o Acontece<\/p>\n<p>Cr\u00e9ditos da imagem: Divulga\u00e7\u00e3o \/ Stock Car<\/p>\n","protected":false},"excerpt":{"rendered":"<p>A principal categoria do automobilismo nacional possui uma forte liga\u00e7\u00e3o com o estado do Paran\u00e1, palco de momentos hist\u00f3ricos para a velocidade brasileira ao longo de suas d\u00e9cadas de exist\u00eancia. A paix\u00e3o pelo automobilismo paranaense Parnamirim e outras pra\u00e7as do estado sempre receberam com entusiasmo as etapas da competi\u00e7\u00e3o, mobilizando f\u00e3s de velocidade de toda [&hellip;]<\/p>\n","protected":false},"author":0,"featured_media":35971,"comment_status":"open","ping_status":"open","sticky":false,"template":"","format":"standard","meta":{"footnotes":""},"categories":[18],"tags":[],"class_list":["post-35963","post","type-post","status-publish","format-standard","has-post-thumbnail","hentry","category-parana"],"_links":{"self":[{"href":"https:\/\/acontecenafronteira.com.br\/index.php\/wp-json\/wp\/v2\/posts\/35963","targetHints":{"allow":["GET"]}}],"collection":[{"href":"https:\/\/acontecenafronteira.com.br\/index.php\/wp-json\/wp\/v2\/posts"}],"about":[{"href":"https:\/\/acontecenafronteira.com.br\/index.php\/wp-json\/wp\/v2\/types\/post"}],"replies":[{"embeddable":true,"href":"https:\/\/acontecenafronteira.com.br\/index.php\/wp-json\/wp\/v2\/comments?post=35963"}],"version-history":[{"count":1,"href":"https:\/\/acontecenafronteira.com.br\/index.php\/wp-json\/wp\/v2\/posts\/35963\/revisions"}],"predecessor-version":[{"id":35970,"href":"https:\/\/acontecenafronteira.com.br\/index.php\/wp-json\/wp\/v2\/posts\/35963\/revisions\/35970"}],"wp:featuredmedia":[{"embeddable":true,"href":"https:\/\/acontecenafronteira.com.br\/index.php\/wp-json\/wp\/v2\/media\/35971"}],"wp:attachment":[{"href":"https:\/\/acontecenafronteira.com.br\/index.php\/wp-json\/wp\/v2\/media?parent=35963"}],"wp:term":[{"taxonomy":"category","embeddable":true,"href":"https:\/\/acontecenafronteira.com.br\/index.php\/wp-json\/wp\/v2\/categories?post=35963"},{"taxonomy":"post_tag","embeddable":true,"href":"https:\/\/acontecenafronteira.com.br\/index.php\/wp-json\/wp\/v2\/tags?post=35963"}],"curies":[{"name":"wp","href":"https:\/\/api.w.org\/{rel}","templated":true}]}}