{"id":35962,"date":"2026-09-05T11:36:41","date_gmt":"2026-09-05T14:36:41","guid":{"rendered":"https:\/\/acontecenafronteira.com.br\/?p=35962"},"modified":"2026-09-05T11:36:41","modified_gmt":"2026-09-05T14:36:41","slug":"gp-de-monza-ferrari-homenageia-michael-schumacher-na-f1","status":"publish","type":"post","link":"https:\/\/acontecenafronteira.com.br\/index.php\/2026\/09\/05\/gp-de-monza-ferrari-homenageia-michael-schumacher-na-f1\/","title":{"rendered":"GP de Monza: Ferrari homenageia Michael Schumacher na F1"},"content":{"rendered":"<p>A escuderia Ferrari revelou pinturas especiais que ser\u00e3o utilizadas em seus b\u00f3lidos durante o prestigiado Grande Pr\u00eamio de Monza de F\u00f3rmula 1, trazendo uma emocionante homenagem ao heptacampe\u00e3o mundial Michael Schumacher.<\/p>\n<h2>Pintura exclusiva para a etapa italiana<\/h2>\n<p>A equipe de Maranello preparou um design comemorativo repleto de refer\u00eancias \u00e0 trajet\u00f3ria vitoriosa do piloto alem\u00e3o, que marcou a hist\u00f3ria da marca na principal categoria do automobilismo mundial.<\/p>\n<h3>Detalhes do design comemorativo<\/h3>\n<p>Os carros exibir\u00e3o grafismos inspirados nos anos de gl\u00f3ria do alem\u00e3o pela equipe italiana, destacando elementos visuais que remetem aos campeonatos conquistados na d\u00e9cada de 2000.<\/p>\n<p>A expectativa dos f\u00e3s \u00e9 grande para ver os b\u00f3lidos na pista do Aut\u00f3dromo Nacional de Monza neste final de semana, em um momento que une a rica hist\u00f3ria da escuderia com o legado de um de seus maiores \u00edcones.<\/p>\n<p>Por Reda\u00e7\u00e3o Acontece<\/p>\n<p>Cr\u00e9ditos da imagem: Divulga\u00e7\u00e3o\/Ferrari<\/p>\n","protected":false},"excerpt":{"rendered":"<p>A escuderia Ferrari revelou pinturas especiais que ser\u00e3o utilizadas em seus b\u00f3lidos durante o prestigiado Grande Pr\u00eamio de Monza de F\u00f3rmula 1, trazendo uma emocionante homenagem ao heptacampe\u00e3o mundial Michael Schumacher. Pintura exclusiva para a etapa italiana A equipe de Maranello preparou um design comemorativo repleto de refer\u00eancias \u00e0 trajet\u00f3ria vitoriosa do piloto alem\u00e3o, que [&hellip;]<\/p>\n","protected":false},"author":0,"featured_media":35969,"comment_status":"open","ping_status":"open","sticky":false,"template":"","format":"standard","meta":{"footnotes":""},"categories":[18],"tags":[],"class_list":["post-35962","post","type-post","status-publish","format-standard","has-post-thumbnail","hentry","category-parana"],"_links":{"self":[{"href":"https:\/\/acontecenafronteira.com.br\/index.php\/wp-json\/wp\/v2\/posts\/35962","targetHints":{"allow":["GET"]}}],"collection":[{"href":"https:\/\/acontecenafronteira.com.br\/index.php\/wp-json\/wp\/v2\/posts"}],"about":[{"href":"https:\/\/acontecenafronteira.com.br\/index.php\/wp-json\/wp\/v2\/types\/post"}],"replies":[{"embeddable":true,"href":"https:\/\/acontecenafronteira.com.br\/index.php\/wp-json\/wp\/v2\/comments?post=35962"}],"version-history":[{"count":1,"href":"https:\/\/acontecenafronteira.com.br\/index.php\/wp-json\/wp\/v2\/posts\/35962\/revisions"}],"predecessor-version":[{"id":35968,"href":"https:\/\/acontecenafronteira.com.br\/index.php\/wp-json\/wp\/v2\/posts\/35962\/revisions\/35968"}],"wp:featuredmedia":[{"embeddable":true,"href":"https:\/\/acontecenafronteira.com.br\/index.php\/wp-json\/wp\/v2\/media\/35969"}],"wp:attachment":[{"href":"https:\/\/acontecenafronteira.com.br\/index.php\/wp-json\/wp\/v2\/media?parent=35962"}],"wp:term":[{"taxonomy":"category","embeddable":true,"href":"https:\/\/acontecenafronteira.com.br\/index.php\/wp-json\/wp\/v2\/categories?post=35962"},{"taxonomy":"post_tag","embeddable":true,"href":"https:\/\/acontecenafronteira.com.br\/index.php\/wp-json\/wp\/v2\/tags?post=35962"}],"curies":[{"name":"wp","href":"https:\/\/api.w.org\/{rel}","templated":true}]}}