{"id":35961,"date":"2026-09-05T11:36:38","date_gmt":"2026-09-05T14:36:38","guid":{"rendered":"https:\/\/acontecenafronteira.com.br\/?p=35961"},"modified":"2026-09-05T11:36:38","modified_gmt":"2026-09-05T14:36:38","slug":"cruzeiro-x-athletico-onde-assistir-horario-e-escalacoes","status":"publish","type":"post","link":"https:\/\/acontecenafronteira.com.br\/index.php\/2026\/09\/05\/cruzeiro-x-athletico-onde-assistir-horario-e-escalacoes\/","title":{"rendered":"Cruzeiro x Athletico: onde assistir, hor\u00e1rio e escala\u00e7\u00f5es"},"content":{"rendered":"<p>O Athletico entra em campo neste domingo (6), \u00e0s 16h (de hor\u00e1rio de Bras\u00edlia), para enfrentar o Cruzeiro no est\u00e1dio do Mineir\u00e3o, em Belo Horizonte. A partida \u00e9 v\u00e1lida pela 26\u00aa rodada do Campeonato Brasileiro e promete fortes emo\u00e7\u00f5es para os torcedores que acompanham a tabela de classifica\u00e7\u00e3o.<\/p>\n<p>H2 Onde assistir ao vivo<\/p>\n<p>H3 Transmiss\u00e3o da partida O confronto entre mineiros e paranaenses ter\u00e1 transmiss\u00e3o ao vivo pela televis\u00e3o aberta atrav\u00e9s da Rede Globo para alguns estados, al\u00e9m do canal por assinatura Premiere, que exibe o jogo em sistema pay-per-view para todo o pa\u00eds.<\/p>\n<p>H2 Situa\u00e7\u00e3o das equipes na tabela<\/p>\n<p>H3 Busca pelo topo O Furac\u00e3o chega para este compromisso ocupando a terceira coloca\u00e7\u00e3o do Brasileir\u00e3o, figurando no grupo dos principais candidatos \u00e0s primeiras posi\u00e7\u00f5es. Do outro lado, a equipe celeste busca aproveitar o fator casa para subir na tabela e se aproximar do pelot\u00e3o de elite da competi\u00e7\u00e3o nacional.<\/p>\n<p>H2 Prov\u00e1veis escala\u00e7\u00f5es<\/p>\n<p>H3 Quem vai a campo O t\u00e9cnico do time rubro-negro deve mandar a campo sua for\u00e7a m\u00e1xima dispon\u00edvel, mesclando experi\u00eancia e juventude para buscar os tr\u00eas pontos fora de casa. J\u00e1 o comandante do clube mineiro definiu ajustes t\u00e1ticos nos \u00faltimos treinamentos para neutralizar as jogadas ofensivas do advers\u00e1rio paranaense.<\/p>\n<p>A arbitragem da partida ser\u00e1 comandada por profissionais experientes da Confedera\u00e7\u00e3o Brasileira de Futebol (CBF), com aux\u00edlio do VAR para revis\u00e3o de lances capitais durante os noventa minutos no Gigante da Pampulha.<\/p>\n<p>Por Reda\u00e7\u00e3o Acontece<\/p>\n<p>Cr\u00e9ditos da imagem: Divulga\u00e7\u00e3o \/ Athletico<\/p>\n","protected":false},"excerpt":{"rendered":"<p>O Athletico entra em campo neste domingo (6), \u00e0s 16h (de hor\u00e1rio de Bras\u00edlia), para enfrentar o Cruzeiro no est\u00e1dio do Mineir\u00e3o, em Belo Horizonte. A partida \u00e9 v\u00e1lida pela 26\u00aa rodada do Campeonato Brasileiro e promete fortes emo\u00e7\u00f5es para os torcedores que acompanham a tabela de classifica\u00e7\u00e3o. H2 Onde assistir ao vivo H3 Transmiss\u00e3o [&hellip;]<\/p>\n","protected":false},"author":0,"featured_media":35967,"comment_status":"open","ping_status":"open","sticky":false,"template":"","format":"standard","meta":{"footnotes":""},"categories":[18],"tags":[],"class_list":["post-35961","post","type-post","status-publish","format-standard","has-post-thumbnail","hentry","category-parana"],"_links":{"self":[{"href":"https:\/\/acontecenafronteira.com.br\/index.php\/wp-json\/wp\/v2\/posts\/35961","targetHints":{"allow":["GET"]}}],"collection":[{"href":"https:\/\/acontecenafronteira.com.br\/index.php\/wp-json\/wp\/v2\/posts"}],"about":[{"href":"https:\/\/acontecenafronteira.com.br\/index.php\/wp-json\/wp\/v2\/types\/post"}],"replies":[{"embeddable":true,"href":"https:\/\/acontecenafronteira.com.br\/index.php\/wp-json\/wp\/v2\/comments?post=35961"}],"version-history":[{"count":1,"href":"https:\/\/acontecenafronteira.com.br\/index.php\/wp-json\/wp\/v2\/posts\/35961\/revisions"}],"predecessor-version":[{"id":35966,"href":"https:\/\/acontecenafronteira.com.br\/index.php\/wp-json\/wp\/v2\/posts\/35961\/revisions\/35966"}],"wp:featuredmedia":[{"embeddable":true,"href":"https:\/\/acontecenafronteira.com.br\/index.php\/wp-json\/wp\/v2\/media\/35967"}],"wp:attachment":[{"href":"https:\/\/acontecenafronteira.com.br\/index.php\/wp-json\/wp\/v2\/media?parent=35961"}],"wp:term":[{"taxonomy":"category","embeddable":true,"href":"https:\/\/acontecenafronteira.com.br\/index.php\/wp-json\/wp\/v2\/categories?post=35961"},{"taxonomy":"post_tag","embeddable":true,"href":"https:\/\/acontecenafronteira.com.br\/index.php\/wp-json\/wp\/v2\/tags?post=35961"}],"curies":[{"name":"wp","href":"https:\/\/api.w.org\/{rel}","templated":true}]}}