{"id":35953,"date":"2026-09-05T11:35:56","date_gmt":"2026-09-05T14:35:56","guid":{"rendered":"https:\/\/acontecenafronteira.com.br\/?p=35953"},"modified":"2026-09-05T11:35:56","modified_gmt":"2026-09-05T14:35:56","slug":"feira-do-livro-em-foz-do-iguacu-surpreende-com-vendas-altas","status":"publish","type":"post","link":"https:\/\/acontecenafronteira.com.br\/index.php\/2026\/09\/05\/feira-do-livro-em-foz-do-iguacu-surpreende-com-vendas-altas\/","title":{"rendered":"Feira do Livro em Foz do Igua\u00e7u surpreende com vendas altas"},"content":{"rendered":"<p>Comerciantes e livreiros que participam da 21\u00aa Feira Internacional do Livro em Foz do Igua\u00e7u est\u00e3o comemorando o intenso fluxo de visitantes e o faturamento acima das previs\u00f5es iniciais no evento realizado na Pra\u00e7a da Paz.<\/p>\n<h2>Atra\u00e7\u00f5es variadas movimentam o Paran\u00e1<\/h2>\n<p>Al\u00e9m de milhares de t\u00edtulos dispon\u00edveis a pre\u00e7os acess\u00edveis \u2014 com obras comercializadas a partir de R$ 5 \u2014, o espa\u00e7o re\u00fane estandes dedicados \u00e0 gastronomia local e ao artesanato regional, atraindo moradores e turistas de v\u00e1rias partes do estado do Paran\u00e1.<\/p>\n<h2>Programa\u00e7\u00e3o cultural e expectativa de p\u00fablico<\/h2>\n<p>A agenda de atividades e apresenta\u00e7\u00f5es art\u00edsticas segue aberta ao p\u00fablico at\u00e9 o pr\u00f3ximo domingo (6), mantendo a expectativa de que o volume de neg\u00f3cios continue aquecido nos \u00faltimos dias do evento liter\u00e1rio na fronteira.<\/p>\n<p>Por Reda\u00e7\u00e3o Acontece<\/p>\n<p>Cr\u00e9ditos da imagem: Divulga\u00e7\u00e3o \/ Prefeitura de Foz do Igua\u00e7u<\/p>\n","protected":false},"excerpt":{"rendered":"<p>Comerciantes e livreiros que participam da 21\u00aa Feira Internacional do Livro em Foz do Igua\u00e7u est\u00e3o comemorando o intenso fluxo de visitantes e o faturamento acima das previs\u00f5es iniciais no evento realizado na Pra\u00e7a da Paz. Atra\u00e7\u00f5es variadas movimentam o Paran\u00e1 Al\u00e9m de milhares de t\u00edtulos dispon\u00edveis a pre\u00e7os acess\u00edveis \u2014 com obras comercializadas a [&hellip;]<\/p>\n","protected":false},"author":0,"featured_media":35955,"comment_status":"open","ping_status":"open","sticky":false,"template":"","format":"standard","meta":{"footnotes":""},"categories":[4],"tags":[],"class_list":["post-35953","post","type-post","status-publish","format-standard","has-post-thumbnail","hentry","category-cidade"],"_links":{"self":[{"href":"https:\/\/acontecenafronteira.com.br\/index.php\/wp-json\/wp\/v2\/posts\/35953","targetHints":{"allow":["GET"]}}],"collection":[{"href":"https:\/\/acontecenafronteira.com.br\/index.php\/wp-json\/wp\/v2\/posts"}],"about":[{"href":"https:\/\/acontecenafronteira.com.br\/index.php\/wp-json\/wp\/v2\/types\/post"}],"replies":[{"embeddable":true,"href":"https:\/\/acontecenafronteira.com.br\/index.php\/wp-json\/wp\/v2\/comments?post=35953"}],"version-history":[{"count":1,"href":"https:\/\/acontecenafronteira.com.br\/index.php\/wp-json\/wp\/v2\/posts\/35953\/revisions"}],"predecessor-version":[{"id":35954,"href":"https:\/\/acontecenafronteira.com.br\/index.php\/wp-json\/wp\/v2\/posts\/35953\/revisions\/35954"}],"wp:featuredmedia":[{"embeddable":true,"href":"https:\/\/acontecenafronteira.com.br\/index.php\/wp-json\/wp\/v2\/media\/35955"}],"wp:attachment":[{"href":"https:\/\/acontecenafronteira.com.br\/index.php\/wp-json\/wp\/v2\/media?parent=35953"}],"wp:term":[{"taxonomy":"category","embeddable":true,"href":"https:\/\/acontecenafronteira.com.br\/index.php\/wp-json\/wp\/v2\/categories?post=35953"},{"taxonomy":"post_tag","embeddable":true,"href":"https:\/\/acontecenafronteira.com.br\/index.php\/wp-json\/wp\/v2\/tags?post=35953"}],"curies":[{"name":"wp","href":"https:\/\/api.w.org\/{rel}","templated":true}]}}