{"id":35943,"date":"2026-09-05T10:37:12","date_gmt":"2026-09-05T13:37:12","guid":{"rendered":"https:\/\/acontecenafronteira.com.br\/?p=35943"},"modified":"2026-09-05T10:37:12","modified_gmt":"2026-09-05T13:37:12","slug":"incendio-destroi-loja-de-pneus-no-reboucas-em-curitiba","status":"publish","type":"post","link":"https:\/\/acontecenafronteira.com.br\/index.php\/2026\/09\/05\/incendio-destroi-loja-de-pneus-no-reboucas-em-curitiba\/","title":{"rendered":"Inc\u00eandio destr\u00f3i loja de pneus no Rebou\u00e7as em Curitiba"},"content":{"rendered":"<p>Uma loja de pneus foi completamente consumida por um <b>inc\u00eandio de grandes propor\u00e7\u00f5es<\/b> na madrugada deste s\u00e1bado (5), localizada no bairro Rebou\u00e7as, na capital paranaense.<\/p>\n<h2>Mobiliza\u00e7\u00e3o dos bombeiros em Curitiba<\/h2>\n<p>O fogo teve in\u00edcio por volta de 0h40 no cruzamento entre as ruas Engenheiros Rebou\u00e7as e Rockefeller, mobilizando um forte esquema de seguran\u00e7a e salvamento durante a madrugada.<\/p>\n<h3>Esfor\u00e7o para conter as chamas<\/h3>\n<p>O <b>Corpo de Bombeiros<\/b> enviou pelo menos oito viaturas ao local, incluindo ve\u00edculos de combate a inc\u00eandio, caminh\u00e3o-tanque, plataforma e suporte do Siate, al\u00e9m do registro de uma forte explos\u00e3o durante a opera\u00e7\u00e3o.<\/p>\n<h2>Investiga\u00e7\u00e3o sobre a origem do fogo<\/h2>\n<p>A prioridade das equipes foi isolar a \u00e1rea para evitar que as chamas se alastrassem para constru\u00e7\u00f5es vizinhas, sendo que a causa do sinistro permanece desconhecida at\u00e9 o momento.<\/p>\n<h3>Avalia\u00e7\u00e3o dos danos materiais<\/h3>\n<p>Apesar da destrui\u00e7\u00e3o total do estabelecimento e do susto, <b>nenhuma pessoa ficou ferida<\/b>, e o local passar\u00e1 por per\u00edcia t\u00e9cnica ao longo do dia para determinar o que provocou o acidente.<\/p>\n<p>O caso agora segue sob apura\u00e7\u00e3o das autoridades competentes para avaliar o preju\u00edzo estrutural e esclarecer os fatores que deram in\u00edcio \u00e0s chamas na regi\u00e3o central.<\/p>\n<p>Por Reda\u00e7\u00e3o Acontece<\/p>\n<p>V\u00eddeo: Geraldo Bubniak\/Colabora\u00e7\u00e3o<\/p>\n","protected":false},"excerpt":{"rendered":"<p>Uma loja de pneus foi completamente consumida por um inc\u00eandio de grandes propor\u00e7\u00f5es na madrugada deste s\u00e1bado (5), localizada no bairro Rebou\u00e7as, na capital paranaense. Mobiliza\u00e7\u00e3o dos bombeiros em Curitiba O fogo teve in\u00edcio por volta de 0h40 no cruzamento entre as ruas Engenheiros Rebou\u00e7as e Rockefeller, mobilizando um forte esquema de seguran\u00e7a e salvamento [&hellip;]<\/p>\n","protected":false},"author":0,"featured_media":35949,"comment_status":"open","ping_status":"open","sticky":false,"template":"","format":"standard","meta":{"footnotes":""},"categories":[18],"tags":[],"class_list":["post-35943","post","type-post","status-publish","format-standard","has-post-thumbnail","hentry","category-parana"],"_links":{"self":[{"href":"https:\/\/acontecenafronteira.com.br\/index.php\/wp-json\/wp\/v2\/posts\/35943","targetHints":{"allow":["GET"]}}],"collection":[{"href":"https:\/\/acontecenafronteira.com.br\/index.php\/wp-json\/wp\/v2\/posts"}],"about":[{"href":"https:\/\/acontecenafronteira.com.br\/index.php\/wp-json\/wp\/v2\/types\/post"}],"replies":[{"embeddable":true,"href":"https:\/\/acontecenafronteira.com.br\/index.php\/wp-json\/wp\/v2\/comments?post=35943"}],"version-history":[{"count":1,"href":"https:\/\/acontecenafronteira.com.br\/index.php\/wp-json\/wp\/v2\/posts\/35943\/revisions"}],"predecessor-version":[{"id":35948,"href":"https:\/\/acontecenafronteira.com.br\/index.php\/wp-json\/wp\/v2\/posts\/35943\/revisions\/35948"}],"wp:featuredmedia":[{"embeddable":true,"href":"https:\/\/acontecenafronteira.com.br\/index.php\/wp-json\/wp\/v2\/media\/35949"}],"wp:attachment":[{"href":"https:\/\/acontecenafronteira.com.br\/index.php\/wp-json\/wp\/v2\/media?parent=35943"}],"wp:term":[{"taxonomy":"category","embeddable":true,"href":"https:\/\/acontecenafronteira.com.br\/index.php\/wp-json\/wp\/v2\/categories?post=35943"},{"taxonomy":"post_tag","embeddable":true,"href":"https:\/\/acontecenafronteira.com.br\/index.php\/wp-json\/wp\/v2\/tags?post=35943"}],"curies":[{"name":"wp","href":"https:\/\/api.w.org\/{rel}","templated":true}]}}