{"id":35935,"date":"2026-09-05T10:36:49","date_gmt":"2026-09-05T13:36:49","guid":{"rendered":"https:\/\/acontecenafronteira.com.br\/?p=35935"},"modified":"2026-09-05T10:36:49","modified_gmt":"2026-09-05T13:36:49","slug":"cabelos-grisalhos-no-parana-como-assumir-e-cuidar-dos-fios-brancos","status":"publish","type":"post","link":"https:\/\/acontecenafronteira.com.br\/index.php\/2026\/09\/05\/cabelos-grisalhos-no-parana-como-assumir-e-cuidar-dos-fios-brancos\/","title":{"rendered":"Cabelos grisalhos no Paran\u00e1: como assumir e cuidar dos fios brancos"},"content":{"rendered":"<p>O surgimento dos primeiros fios brancos nas t\u00eamporas ou espalhados pelo cabelo costuma ser visto por muitos como um sinal para correr atr\u00e1s de tintura. No entanto, essa pressa n\u00e3o nasce do fio em si, mas sim de uma imposi\u00e7\u00e3o social antiga que liga juventude \u00e0 beleza e ao valor pessoal. Assumir a cor natural \u00e9 uma escolha de liberdade e estilo que ganha cada vez mais espa\u00e7o entre os paranaenses.<\/p>\n<h2>Entenda por que o cabelo fica branco<\/h2>\n<p>\nA colora\u00e7\u00e3o dos fios \u00e9 gerada pela melanina, um pigmento produzido pelos melan\u00f3citos nos fol\u00edculos capilares. Com o passar dos anos, a atividade dessas c\u00e9lulas diminui, fazendo com que o cabelo nas\u00e7a com menos cor at\u00e9 se tornar totalmente grisalho ou branco. Esse processo costuma iniciar entre os 30 e 40 anos, sofrendo forte influ\u00eancia da gen\u00e9tica.<\/p>\n<h2>Cuidados essenciais para manter o brilho prateado<\/h2>\n<p>\nManter o aspecto prateado bonito exige aten\u00e7\u00e3o especial, pois os fios brancos tendem a ficar mais secos e com reflexos amarelados devido a fatores externos. O uso de produtos espec\u00edficos para neutralizar o amarelado ajuda a recuperar a luminosidade. Al\u00e9m disso, alternar a matiza\u00e7\u00e3o com tratamentos nutritivos evita que a fibra capilar fique r\u00edgida.<\/p>\n<h2>A autoestima atrav\u00e9s da cor natural<\/h2>\n<p>\nDecidir entre pintar ou assumir os fios prateados deve ser uma quest\u00e3o de vontade pr\u00f3pria, e n\u00e3o uma obriga\u00e7\u00e3o ditada por padr\u00f5es est\u00e9ticos. A transi\u00e7\u00e3o para o grisalho pode revelar um visual contempor\u00e2neo, cheio de personalidade e eleg\u00e2ncia. Afinal, a verdadeira autoestima come\u00e7a quando cada pessoa se sente livre para decidir como deseja se enxergar no espelho.<\/p>\n<p>Por Reda\u00e7\u00e3o Acontece<\/p>\n<p>Divulga\u00e7\u00e3o\/H2O Evolution<\/p>\n","protected":false},"excerpt":{"rendered":"<p>O surgimento dos primeiros fios brancos nas t\u00eamporas ou espalhados pelo cabelo costuma ser visto por muitos como um sinal para correr atr\u00e1s de tintura. No entanto, essa pressa n\u00e3o nasce do fio em si, mas sim de uma imposi\u00e7\u00e3o social antiga que liga juventude \u00e0 beleza e ao valor pessoal. Assumir a cor natural [&hellip;]<\/p>\n","protected":false},"author":0,"featured_media":35941,"comment_status":"open","ping_status":"open","sticky":false,"template":"","format":"standard","meta":{"footnotes":""},"categories":[18],"tags":[],"class_list":["post-35935","post","type-post","status-publish","format-standard","has-post-thumbnail","hentry","category-parana"],"_links":{"self":[{"href":"https:\/\/acontecenafronteira.com.br\/index.php\/wp-json\/wp\/v2\/posts\/35935","targetHints":{"allow":["GET"]}}],"collection":[{"href":"https:\/\/acontecenafronteira.com.br\/index.php\/wp-json\/wp\/v2\/posts"}],"about":[{"href":"https:\/\/acontecenafronteira.com.br\/index.php\/wp-json\/wp\/v2\/types\/post"}],"replies":[{"embeddable":true,"href":"https:\/\/acontecenafronteira.com.br\/index.php\/wp-json\/wp\/v2\/comments?post=35935"}],"version-history":[{"count":1,"href":"https:\/\/acontecenafronteira.com.br\/index.php\/wp-json\/wp\/v2\/posts\/35935\/revisions"}],"predecessor-version":[{"id":35940,"href":"https:\/\/acontecenafronteira.com.br\/index.php\/wp-json\/wp\/v2\/posts\/35935\/revisions\/35940"}],"wp:featuredmedia":[{"embeddable":true,"href":"https:\/\/acontecenafronteira.com.br\/index.php\/wp-json\/wp\/v2\/media\/35941"}],"wp:attachment":[{"href":"https:\/\/acontecenafronteira.com.br\/index.php\/wp-json\/wp\/v2\/media?parent=35935"}],"wp:term":[{"taxonomy":"category","embeddable":true,"href":"https:\/\/acontecenafronteira.com.br\/index.php\/wp-json\/wp\/v2\/categories?post=35935"},{"taxonomy":"post_tag","embeddable":true,"href":"https:\/\/acontecenafronteira.com.br\/index.php\/wp-json\/wp\/v2\/tags?post=35935"}],"curies":[{"name":"wp","href":"https:\/\/api.w.org\/{rel}","templated":true}]}}