{"id":35928,"date":"2026-09-05T10:36:08","date_gmt":"2026-09-05T13:36:08","guid":{"rendered":"https:\/\/acontecenafronteira.com.br\/?p=35928"},"modified":"2026-09-05T10:36:08","modified_gmt":"2026-09-05T13:36:08","slug":"foz-do-iguacu-espera-88-de-ocupacao-no-feriado","status":"publish","type":"post","link":"https:\/\/acontecenafronteira.com.br\/index.php\/2026\/09\/05\/foz-do-iguacu-espera-88-de-ocupacao-no-feriado\/","title":{"rendered":"Foz do Igua\u00e7u espera 88% de ocupa\u00e7\u00e3o no feriado"},"content":{"rendered":"<p>O setor tur\u00edstico de <strong>Foz do Igua\u00e7u<\/strong> est\u00e1 com expectativas elevadas para o pr\u00f3ximo feriado prolongado da Independ\u00eancia. A proje\u00e7\u00e3o oficial indica que a rede hoteleira do munic\u00edpio paranaense deve atingir uma taxa m\u00e9dia de ocupa\u00e7\u00e3o de 88% durante o per\u00edodo festivo.<\/p>\n<h2>Momento hist\u00f3rico para a hotelaria local<\/h2>\n<p>Este patamar representa a maior estimativa de movimenta\u00e7\u00e3o para um feriado prolongado na Terra das Cataratas desde o ano de 2021. O desempenho consolida uma fase de forte retomada e crescimento constante para a economia regional, que tem atra\u00eddo milhares de visitantes em busca de lazer e contato com a natureza.<\/p>\n<h2>Agosto registra recordes de visitantes<\/h2>\n<p>O otimismo para setembro vem na sequ\u00eancia de um m\u00eas anterior extremamente positivo. O destino paranaense registrou marcas hist\u00f3ricas na ocupa\u00e7\u00e3o de leitos durante agosto, contrariando a sazonalidade tradicionalmente mais calma e estabelecendo novos recordes estat\u00edsticos para o per\u00edodo.<\/p>\n<p>A combina\u00e7\u00e3o de atrativos naturais de fama mundial, infraestrutura hoteleira robusta e campanhas eficazes de promo\u00e7\u00e3o tur\u00edstica tem colocado a cidade novamente no topo das prefer\u00eancias dos viajantes brasileiros e estrangeiros.<\/p>\n<p>Com o fluxo intenso de turistas esperado para os pr\u00f3ximos dias, o com\u00e9rcio, a gastronomia e os atrativos da fronteira se preparam para operar em capacidade m\u00e1xima, injetando recursos significativos na economia local do estado do Paran\u00e1.<\/p>\n<p>Por Reda\u00e7\u00e3o Acontece<\/p>\n<p>Cr\u00e9ditos da imagem: Divulga\u00e7\u00e3o\/Turismo Foz<\/p>\n","protected":false},"excerpt":{"rendered":"<p>O setor tur\u00edstico de Foz do Igua\u00e7u est\u00e1 com expectativas elevadas para o pr\u00f3ximo feriado prolongado da Independ\u00eancia. A proje\u00e7\u00e3o oficial indica que a rede hoteleira do munic\u00edpio paranaense deve atingir uma taxa m\u00e9dia de ocupa\u00e7\u00e3o de 88% durante o per\u00edodo festivo. Momento hist\u00f3rico para a hotelaria local Este patamar representa a maior estimativa de [&hellip;]<\/p>\n","protected":false},"author":0,"featured_media":35932,"comment_status":"open","ping_status":"open","sticky":false,"template":"","format":"standard","meta":{"footnotes":""},"categories":[4],"tags":[],"class_list":["post-35928","post","type-post","status-publish","format-standard","has-post-thumbnail","hentry","category-cidade"],"_links":{"self":[{"href":"https:\/\/acontecenafronteira.com.br\/index.php\/wp-json\/wp\/v2\/posts\/35928","targetHints":{"allow":["GET"]}}],"collection":[{"href":"https:\/\/acontecenafronteira.com.br\/index.php\/wp-json\/wp\/v2\/posts"}],"about":[{"href":"https:\/\/acontecenafronteira.com.br\/index.php\/wp-json\/wp\/v2\/types\/post"}],"replies":[{"embeddable":true,"href":"https:\/\/acontecenafronteira.com.br\/index.php\/wp-json\/wp\/v2\/comments?post=35928"}],"version-history":[{"count":1,"href":"https:\/\/acontecenafronteira.com.br\/index.php\/wp-json\/wp\/v2\/posts\/35928\/revisions"}],"predecessor-version":[{"id":35931,"href":"https:\/\/acontecenafronteira.com.br\/index.php\/wp-json\/wp\/v2\/posts\/35928\/revisions\/35931"}],"wp:featuredmedia":[{"embeddable":true,"href":"https:\/\/acontecenafronteira.com.br\/index.php\/wp-json\/wp\/v2\/media\/35932"}],"wp:attachment":[{"href":"https:\/\/acontecenafronteira.com.br\/index.php\/wp-json\/wp\/v2\/media?parent=35928"}],"wp:term":[{"taxonomy":"category","embeddable":true,"href":"https:\/\/acontecenafronteira.com.br\/index.php\/wp-json\/wp\/v2\/categories?post=35928"},{"taxonomy":"post_tag","embeddable":true,"href":"https:\/\/acontecenafronteira.com.br\/index.php\/wp-json\/wp\/v2\/tags?post=35928"}],"curies":[{"name":"wp","href":"https:\/\/api.w.org\/{rel}","templated":true}]}}