{"id":35927,"date":"2026-09-05T10:36:00","date_gmt":"2026-09-05T13:36:00","guid":{"rendered":"https:\/\/acontecenafronteira.com.br\/?p=35927"},"modified":"2026-09-05T10:36:00","modified_gmt":"2026-09-05T13:36:00","slug":"codefoz-impulsiona-campanha-por-mais-deputados-em-foz","status":"publish","type":"post","link":"https:\/\/acontecenafronteira.com.br\/index.php\/2026\/09\/05\/codefoz-impulsiona-campanha-por-mais-deputados-em-foz\/","title":{"rendered":"Codefoz impulsiona campanha por mais deputados em Foz"},"content":{"rendered":"<p>Uma estrat\u00e9gia articulada no extremo-oeste do Paran\u00e1 est\u00e1 mobilizando a sociedade para fortalecer o peso pol\u00edtico da regi\u00e3o nas esferas estadual e federal. A iniciativa busca alertar a popula\u00e7\u00e3o sobre a necessidade urgente de eleger parlamentares que realmente conhe\u00e7am e defendam as pautas locais.<\/p>\n<h2>A import\u00e2ncia da representatividade regional<\/h2>\n<p>A campanha liderada pela Codefoz foca na conscientiza\u00e7\u00e3o do eleitorado, mostrando que o desenvolvimento socioecon\u00f4mico depende diretamente de uma bancada forte e atuante nos \u00f3rg\u00e3os legislativos superiores.<\/p>\n<h3>Desafios no extremo-oeste paranaense<\/h3>\n<p>Historicamente, a falta de deputados alinhados \u00e0s demandas espec\u00edficas do munic\u00edpio prejudica a capta\u00e7\u00e3o de recursos e a execu\u00e7\u00e3o de obras estruturantes. A mobiliza\u00e7\u00e3o cidad\u00e3 surge como uma ferramenta democr\u00e1tica essencial para reverter esse cen\u00e1rio de esquecimento pol\u00edtico.<\/p>\n<h2>Engajamento da comunidade<\/h2>\n<p>As a\u00e7\u00f5es programadas incluem debates, distribui\u00e7\u00e3o de material informativo e palestras voltadas a diferentes setores da sociedade civil organizada, incentivando o voto consciente.<\/p>\n<p>O envolvimento ativo dos cidad\u00e3os \u00e9 considerado o pilar fundamental para garantir que Foz do Igua\u00e7u e cidades vizinhas tenham voz ativa nas decis\u00f5es que moldam o futuro do estado e do pa\u00eds.<\/p>\n<p>Por Reda\u00e7\u00e3o Acontece<\/p>\n<p>Cr\u00e9ditos da imagem: Divulga\u00e7\u00e3o\/Codefoz<\/p>\n","protected":false},"excerpt":{"rendered":"<p>Uma estrat\u00e9gia articulada no extremo-oeste do Paran\u00e1 est\u00e1 mobilizando a sociedade para fortalecer o peso pol\u00edtico da regi\u00e3o nas esferas estadual e federal. A iniciativa busca alertar a popula\u00e7\u00e3o sobre a necessidade urgente de eleger parlamentares que realmente conhe\u00e7am e defendam as pautas locais. A import\u00e2ncia da representatividade regional A campanha liderada pela Codefoz foca [&hellip;]<\/p>\n","protected":false},"author":0,"featured_media":35930,"comment_status":"open","ping_status":"open","sticky":false,"template":"","format":"standard","meta":{"footnotes":""},"categories":[4],"tags":[],"class_list":["post-35927","post","type-post","status-publish","format-standard","has-post-thumbnail","hentry","category-cidade"],"_links":{"self":[{"href":"https:\/\/acontecenafronteira.com.br\/index.php\/wp-json\/wp\/v2\/posts\/35927","targetHints":{"allow":["GET"]}}],"collection":[{"href":"https:\/\/acontecenafronteira.com.br\/index.php\/wp-json\/wp\/v2\/posts"}],"about":[{"href":"https:\/\/acontecenafronteira.com.br\/index.php\/wp-json\/wp\/v2\/types\/post"}],"replies":[{"embeddable":true,"href":"https:\/\/acontecenafronteira.com.br\/index.php\/wp-json\/wp\/v2\/comments?post=35927"}],"version-history":[{"count":1,"href":"https:\/\/acontecenafronteira.com.br\/index.php\/wp-json\/wp\/v2\/posts\/35927\/revisions"}],"predecessor-version":[{"id":35929,"href":"https:\/\/acontecenafronteira.com.br\/index.php\/wp-json\/wp\/v2\/posts\/35927\/revisions\/35929"}],"wp:featuredmedia":[{"embeddable":true,"href":"https:\/\/acontecenafronteira.com.br\/index.php\/wp-json\/wp\/v2\/media\/35930"}],"wp:attachment":[{"href":"https:\/\/acontecenafronteira.com.br\/index.php\/wp-json\/wp\/v2\/media?parent=35927"}],"wp:term":[{"taxonomy":"category","embeddable":true,"href":"https:\/\/acontecenafronteira.com.br\/index.php\/wp-json\/wp\/v2\/categories?post=35927"},{"taxonomy":"post_tag","embeddable":true,"href":"https:\/\/acontecenafronteira.com.br\/index.php\/wp-json\/wp\/v2\/tags?post=35927"}],"curies":[{"name":"wp","href":"https:\/\/api.w.org\/{rel}","templated":true}]}}