{"id":35893,"date":"2026-09-05T07:37:08","date_gmt":"2026-09-05T10:37:08","guid":{"rendered":"https:\/\/acontecenafronteira.com.br\/?p=35893"},"modified":"2026-09-05T07:37:08","modified_gmt":"2026-09-05T10:37:08","slug":"legado-de-augusto-boal-ganha-exposicao-e-pecas-no-parana","status":"publish","type":"post","link":"https:\/\/acontecenafronteira.com.br\/index.php\/2026\/09\/05\/legado-de-augusto-boal-ganha-exposicao-e-pecas-no-parana\/","title":{"rendered":"Legado de Augusto Boal ganha exposi\u00e7\u00e3o e pe\u00e7as no Paran\u00e1"},"content":{"rendered":"<p>O legado do renomado dramaturgo Augusto Boal ganha destaque com uma programa\u00e7\u00e3o cultural imperd\u00edvel que inclui duas montagens teatrais e uma exposi\u00e7\u00e3o exclusiva, celebrando a trajet\u00f3ria do criador do <strong>Teatro do Oprimido<\/strong>.<\/p>\n<h2>Homenagem \u00e0 trajet\u00f3ria teatral<\/h2>\n<p>As iniciativas recuperam momentos marcantes da carreira de Boal, unindo sua forte vis\u00e3o pol\u00edtica ao uso marcante do <strong>humor<\/strong> em suas obras, caracter\u00edsticas que continuam dialogando fortemente com a realidade social atual.<\/p>\n<h2>Espet\u00e1culos em cartaz<\/h2>\n<p>Entre as produ\u00e7\u00f5es, destaca-se a montagem que revisita a autobiografia do autor, trazendo para os palcos reflex\u00f5es profundas sobre a humanidade e a hist\u00f3ria art\u00edstica nacional, al\u00e9m da releitura de textos cl\u00e1ssicos escritos h\u00e1 d\u00e9cadas que dialogam com o cotidiano do <strong>trabalhador brasileiro<\/strong>.<\/p>\n<p>A exposi\u00e7\u00e3o fotogr\u00e1fica e documental complementa as homenagens, exibindo registros raros da atua\u00e7\u00e3o do dramaturgo como educador e formador de gera\u00e7\u00f5es de artistas, consolidando sua import\u00e2ncia cultural para o <strong>pa\u00eds<\/strong> e para o mundo.<\/p>\n<p>Por Reda\u00e7\u00e3o Acontece<\/p>\n<p>Divulga\u00e7\u00e3o\/Instituto Augusto Boal<\/p>\n","protected":false},"excerpt":{"rendered":"<p>O legado do renomado dramaturgo Augusto Boal ganha destaque com uma programa\u00e7\u00e3o cultural imperd\u00edvel que inclui duas montagens teatrais e uma exposi\u00e7\u00e3o exclusiva, celebrando a trajet\u00f3ria do criador do Teatro do Oprimido. Homenagem \u00e0 trajet\u00f3ria teatral As iniciativas recuperam momentos marcantes da carreira de Boal, unindo sua forte vis\u00e3o pol\u00edtica ao uso marcante do humor [&hellip;]<\/p>\n","protected":false},"author":0,"featured_media":35903,"comment_status":"open","ping_status":"open","sticky":false,"template":"","format":"standard","meta":{"footnotes":""},"categories":[28],"tags":[],"class_list":["post-35893","post","type-post","status-publish","format-standard","has-post-thumbnail","hentry","category-mundo"],"_links":{"self":[{"href":"https:\/\/acontecenafronteira.com.br\/index.php\/wp-json\/wp\/v2\/posts\/35893","targetHints":{"allow":["GET"]}}],"collection":[{"href":"https:\/\/acontecenafronteira.com.br\/index.php\/wp-json\/wp\/v2\/posts"}],"about":[{"href":"https:\/\/acontecenafronteira.com.br\/index.php\/wp-json\/wp\/v2\/types\/post"}],"replies":[{"embeddable":true,"href":"https:\/\/acontecenafronteira.com.br\/index.php\/wp-json\/wp\/v2\/comments?post=35893"}],"version-history":[{"count":1,"href":"https:\/\/acontecenafronteira.com.br\/index.php\/wp-json\/wp\/v2\/posts\/35893\/revisions"}],"predecessor-version":[{"id":35902,"href":"https:\/\/acontecenafronteira.com.br\/index.php\/wp-json\/wp\/v2\/posts\/35893\/revisions\/35902"}],"wp:featuredmedia":[{"embeddable":true,"href":"https:\/\/acontecenafronteira.com.br\/index.php\/wp-json\/wp\/v2\/media\/35903"}],"wp:attachment":[{"href":"https:\/\/acontecenafronteira.com.br\/index.php\/wp-json\/wp\/v2\/media?parent=35893"}],"wp:term":[{"taxonomy":"category","embeddable":true,"href":"https:\/\/acontecenafronteira.com.br\/index.php\/wp-json\/wp\/v2\/categories?post=35893"},{"taxonomy":"post_tag","embeddable":true,"href":"https:\/\/acontecenafronteira.com.br\/index.php\/wp-json\/wp\/v2\/tags?post=35893"}],"curies":[{"name":"wp","href":"https:\/\/api.w.org\/{rel}","templated":true}]}}