{"id":35892,"date":"2026-09-05T07:36:47","date_gmt":"2026-09-05T10:36:47","guid":{"rendered":"https:\/\/acontecenafronteira.com.br\/?p=35892"},"modified":"2026-09-05T07:36:47","modified_gmt":"2026-09-05T10:36:47","slug":"a-historia-secreta-do-hino-do-flamengo-na-ditadura","status":"publish","type":"post","link":"https:\/\/acontecenafronteira.com.br\/index.php\/2026\/09\/05\/a-historia-secreta-do-hino-do-flamengo-na-ditadura\/","title":{"rendered":"A hist\u00f3ria secreta do hino do Flamengo na ditadura"},"content":{"rendered":"<p>O famoso canto que embala a torcida do Flamengo, eternizado pelos versos &#8220;\u00d3h, meu Meng\u00e3o, eu gosto de voc\u00ea&#8221;, carrega uma hist\u00f3ria surpreendente dos bastidores da ditadura militar brasileira.<\/p>\n<h2>A origem na Ra\u00e7a Rubro-Negra<\/h2>\n<p>A c\u00e9lebre m\u00fasica nasceu no cora\u00e7\u00e3o da Ra\u00e7a Rubro-Negra, principal torcida organizada da hist\u00f3ria do clube carioca, fundada em 1977 durante o regime militar no Brasil.<\/p>\n<h2>Pol\u00eamica com o jingle oficial<\/h2>\n<p>Em uma obra rec\u00e9m-lan\u00e7ada, um dos fundadores da torcida revela que houve uma tentativa intensa nos bastidores para impedir que a melodia, fortemente associada \u00e0quela \u00e9poca pol\u00edtica, fosse oficialmente adotada.<\/p>\n<p>Apesar da resist\u00eancia inicial de lideran\u00e7as da arquibancada, a m\u00fasica acabou se tornando o principal hino popular das gl\u00f3rias rubro-negras ao longo das d\u00e9cadas seguintes.<\/p>\n<p>Por Reda\u00e7\u00e3o Acontece<\/p>\n<p>Foto: Divulga\u00e7\u00e3o\/Flamengo<\/p>\n","protected":false},"excerpt":{"rendered":"<p>O famoso canto que embala a torcida do Flamengo, eternizado pelos versos &#8220;\u00d3h, meu Meng\u00e3o, eu gosto de voc\u00ea&#8221;, carrega uma hist\u00f3ria surpreendente dos bastidores da ditadura militar brasileira. A origem na Ra\u00e7a Rubro-Negra A c\u00e9lebre m\u00fasica nasceu no cora\u00e7\u00e3o da Ra\u00e7a Rubro-Negra, principal torcida organizada da hist\u00f3ria do clube carioca, fundada em 1977 durante [&hellip;]<\/p>\n","protected":false},"author":0,"featured_media":35901,"comment_status":"open","ping_status":"open","sticky":false,"template":"","format":"standard","meta":{"footnotes":""},"categories":[28],"tags":[],"class_list":["post-35892","post","type-post","status-publish","format-standard","has-post-thumbnail","hentry","category-mundo"],"_links":{"self":[{"href":"https:\/\/acontecenafronteira.com.br\/index.php\/wp-json\/wp\/v2\/posts\/35892","targetHints":{"allow":["GET"]}}],"collection":[{"href":"https:\/\/acontecenafronteira.com.br\/index.php\/wp-json\/wp\/v2\/posts"}],"about":[{"href":"https:\/\/acontecenafronteira.com.br\/index.php\/wp-json\/wp\/v2\/types\/post"}],"replies":[{"embeddable":true,"href":"https:\/\/acontecenafronteira.com.br\/index.php\/wp-json\/wp\/v2\/comments?post=35892"}],"version-history":[{"count":1,"href":"https:\/\/acontecenafronteira.com.br\/index.php\/wp-json\/wp\/v2\/posts\/35892\/revisions"}],"predecessor-version":[{"id":35900,"href":"https:\/\/acontecenafronteira.com.br\/index.php\/wp-json\/wp\/v2\/posts\/35892\/revisions\/35900"}],"wp:featuredmedia":[{"embeddable":true,"href":"https:\/\/acontecenafronteira.com.br\/index.php\/wp-json\/wp\/v2\/media\/35901"}],"wp:attachment":[{"href":"https:\/\/acontecenafronteira.com.br\/index.php\/wp-json\/wp\/v2\/media?parent=35892"}],"wp:term":[{"taxonomy":"category","embeddable":true,"href":"https:\/\/acontecenafronteira.com.br\/index.php\/wp-json\/wp\/v2\/categories?post=35892"},{"taxonomy":"post_tag","embeddable":true,"href":"https:\/\/acontecenafronteira.com.br\/index.php\/wp-json\/wp\/v2\/tags?post=35892"}],"curies":[{"name":"wp","href":"https:\/\/api.w.org\/{rel}","templated":true}]}}