{"id":35889,"date":"2026-09-05T07:36:06","date_gmt":"2026-09-05T10:36:06","guid":{"rendered":"https:\/\/acontecenafronteira.com.br\/?p=35889"},"modified":"2026-09-05T07:36:06","modified_gmt":"2026-09-05T10:36:06","slug":"pt-evita-pressao-apos-adiamento-de-pec-no-senado","status":"publish","type":"post","link":"https:\/\/acontecenafronteira.com.br\/index.php\/2026\/09\/05\/pt-evita-pressao-apos-adiamento-de-pec-no-senado\/","title":{"rendered":"PT evita press\u00e3o ap\u00f3s adiamento de PEC no Senado"},"content":{"rendered":"<p>O Partido dos Trabalhadores (PT) decidiu adotar uma postura de cautela e n\u00e3o pretende intensificar a press\u00e3o sobre o Congresso Nacional ap\u00f3s o recente adiamento de uma pauta de grande repercuss\u00e3o trabalhista.<\/p>\n<h2>A decis\u00e3o de Alcolumbre<\/h2>\n<p>A movimenta\u00e7\u00e3o ocorre logo ap\u00f3s o senador Davi Alcolumbre sinalizar publicamente que a Proposta de Emenda \u00e0 Constitui\u00e7\u00e3o (PEC) voltada para o fim da escala de trabalho 6&#215;1 precisar\u00e1 aguardar o encerramento das elei\u00e7\u00f5es para avan\u00e7ar rumo \u00e0 aprecia\u00e7\u00e3o oficial no plen\u00e1rio da Casa legislativa.<\/p>\n<h3>Rea\u00e7\u00e3o governista<\/h3>\n<p>Diante desse cen\u00e1rio de posterga\u00e7\u00e3o imposto pela articula\u00e7\u00e3o pol\u00edtica do Senado, a c\u00fapula petista optou por segurar o tom e evitar confrontos diretos ou cobran\u00e7as p\u00fablicas mais duras direcionadas aos parlamentares neste momento sens\u00edvel.<\/p>\n<p>A prioridade atual da legenda passa por monitorar os desdobramentos do calend\u00e1rio pol\u00edtico, mantendo o di\u00e1logo aberto com as lideran\u00e7as partid\u00e1rias sem gerar atritos desnecess\u00e1rios que possam comprometer outras vota\u00e7\u00f5es de interesse do governo no Congresso.<\/p>\n<p>Com o tema transferido para o per\u00edodo p\u00f3s-eleitoral, o debate sobre a redu\u00e7\u00e3o da jornada de trabalho ganha novos contornos estrat\u00e9gicos, exigindo paci\u00eancia dos defensores da medida at\u00e9 que o clima pol\u00edtico esteja mais prop\u00edcio para negocia\u00e7\u00f5es aprofundadas.<\/p>\n<p>Por Reda\u00e7\u00e3o Acontece<\/p>\n<p>Cr\u00e9ditos da imagem: Divulga\u00e7\u00e3o \/ Senado Federal<\/p>\n","protected":false},"excerpt":{"rendered":"<p>O Partido dos Trabalhadores (PT) decidiu adotar uma postura de cautela e n\u00e3o pretende intensificar a press\u00e3o sobre o Congresso Nacional ap\u00f3s o recente adiamento de uma pauta de grande repercuss\u00e3o trabalhista. A decis\u00e3o de Alcolumbre A movimenta\u00e7\u00e3o ocorre logo ap\u00f3s o senador Davi Alcolumbre sinalizar publicamente que a Proposta de Emenda \u00e0 Constitui\u00e7\u00e3o (PEC) [&hellip;]<\/p>\n","protected":false},"author":0,"featured_media":35895,"comment_status":"open","ping_status":"open","sticky":false,"template":"","format":"standard","meta":{"footnotes":""},"categories":[28],"tags":[],"class_list":["post-35889","post","type-post","status-publish","format-standard","has-post-thumbnail","hentry","category-mundo"],"_links":{"self":[{"href":"https:\/\/acontecenafronteira.com.br\/index.php\/wp-json\/wp\/v2\/posts\/35889","targetHints":{"allow":["GET"]}}],"collection":[{"href":"https:\/\/acontecenafronteira.com.br\/index.php\/wp-json\/wp\/v2\/posts"}],"about":[{"href":"https:\/\/acontecenafronteira.com.br\/index.php\/wp-json\/wp\/v2\/types\/post"}],"replies":[{"embeddable":true,"href":"https:\/\/acontecenafronteira.com.br\/index.php\/wp-json\/wp\/v2\/comments?post=35889"}],"version-history":[{"count":1,"href":"https:\/\/acontecenafronteira.com.br\/index.php\/wp-json\/wp\/v2\/posts\/35889\/revisions"}],"predecessor-version":[{"id":35894,"href":"https:\/\/acontecenafronteira.com.br\/index.php\/wp-json\/wp\/v2\/posts\/35889\/revisions\/35894"}],"wp:featuredmedia":[{"embeddable":true,"href":"https:\/\/acontecenafronteira.com.br\/index.php\/wp-json\/wp\/v2\/media\/35895"}],"wp:attachment":[{"href":"https:\/\/acontecenafronteira.com.br\/index.php\/wp-json\/wp\/v2\/media?parent=35889"}],"wp:term":[{"taxonomy":"category","embeddable":true,"href":"https:\/\/acontecenafronteira.com.br\/index.php\/wp-json\/wp\/v2\/categories?post=35889"},{"taxonomy":"post_tag","embeddable":true,"href":"https:\/\/acontecenafronteira.com.br\/index.php\/wp-json\/wp\/v2\/tags?post=35889"}],"curies":[{"name":"wp","href":"https:\/\/api.w.org\/{rel}","templated":true}]}}