{"id":35882,"date":"2026-09-05T07:35:56","date_gmt":"2026-09-05T10:35:56","guid":{"rendered":"https:\/\/acontecenafronteira.com.br\/?p=35882"},"modified":"2026-09-05T07:35:56","modified_gmt":"2026-09-05T10:35:56","slug":"o-que-fazer-em-curitiba-10-passeios-imperdiveis-no-feriadao","status":"publish","type":"post","link":"https:\/\/acontecenafronteira.com.br\/index.php\/2026\/09\/05\/o-que-fazer-em-curitiba-10-passeios-imperdiveis-no-feriadao\/","title":{"rendered":"O que fazer em Curitiba: 10 passeios imperd\u00edveis no feriad\u00e3o"},"content":{"rendered":"<p>Moradores e turistas que escolherem a capital paranaense para aproveitar o feriad\u00e3o prolongado da Independ\u00eancia, em 7 de setembro, combinado com a data da padroeira municipal em 8 de setembro, ter\u00e3o quatro dias inteiros de descanso. A cidade e sua Regi\u00e3o Metropolitana oferecem excelentes alternativas de lazer que unem \u00e1reas verdes famosas, cultura e roteiros gastron\u00f4micos adaptados para todos os bolsos.<\/p>\n<h2>Parques e cart\u00f5es-postais tradicionais<\/h2>\n<p>O turismo na capital do Paran\u00e1 ganha for\u00e7a com seus famosos espa\u00e7os ao ar livre. O Jardim Bot\u00e2nico, principal cart\u00e3o-postal da cidade, atrai visitantes com sua imponente estufa de vidro de estilo ingl\u00eas, canteiros floridos e o relaxante Jardim das Sensa\u00e7\u00f5es. Outra parada obrigat\u00f3ria \u00e9 o Parque Barigui, ponto de encontro tradicional para caminhadas, piqueniques \u00e0 beira do lago e momentos de lazer em fam\u00edlia.<\/p>\n<p>Para quem busca belas paisagens, o Parque Tangu\u00e1, constru\u00eddo em uma antiga pedreira no bairro Pilarzinho, garante uma das vistas mais disputadas para o p\u00f4r do sol na regi\u00e3o. J\u00e1 o Parque S\u00e3o Louren\u00e7o oferece um ambiente tranquilo com lago, ciclovia, pistas de caminhada e o Centro de Criatividade de Curitiba para quem deseja pedalar ou praticar esportes ao ar livre.<\/p>\n<h2>Arte, arquitetura e cultura urbana<\/h2>\n<p>A agenda cultural de quem fica na cidade durante a folga conta com atra\u00e7\u00f5es de destaque nacional. A \u00d3pera de Arame, com sua arquitetura tubular de vidro e a\u00e7o integrada \u00e0 natureza, convida o p\u00fablico a explorar passarelas sobre o lago, a Pedreira Paulo Leminski e a Rua da M\u00fasica, polo com \u00f3timas op\u00e7\u00f5es gastron\u00f4micas e apresenta\u00e7\u00f5es ao vivo.<\/p>\n<p>No Centro C\u00edvico, o Museu Oscar Niemeyer, amplamente conhecido como MON, destaca-se como um dos maiores complexos de arte da Am\u00e9rica Latina. O local abriga exposi\u00e7\u00f5es de grande porte, enquanto seu amplo v\u00e3o livre e os gramados externos servem de ponto de encontro para relaxar e passear com pets.<\/p>\n<h2>Trilhas ecol\u00f3gicas e passeios na Regi\u00e3o Metropolitana<\/h2>\n<p>A conex\u00e3o com a natureza se faz presente na Universidade Livre do Meio Ambiente, a Unilivre, localizada no Pilarzinho. O espa\u00e7o conta com uma marcante estrutura espiral feita de troncos de eucalipto que conduz os visitantes a um mirante rodeado por mata nativa e um lago de \u00e1guas verdes.<\/p>\n<p>A poucos minutos do centro, em S\u00e3o Jos\u00e9 dos Pinhais, o Caminho do Vinho apresenta um roteiro colonial repleto de vin\u00edcolas familiares, queijarias e restaurantes especializados em culin\u00e1ria t\u00edpica italiana e polonesa, ideal para almo\u00e7os em fam\u00edlia durante o per\u00edodo de descanso.<\/p>\n<h2>Gastronomia, feiras e bebidas artesanais<\/h2>\n<p>A programa\u00e7\u00e3o de domingo fica completa com a tradicional Feira do Largo da Ordem, que toma conta do Centro Hist\u00f3rico com centenas de barracas de artesanato, antiguidades e quitutes cl\u00e1ssicos, como o famoso pastel e o pierogi.<\/p>\n<p>Al\u00e9m disso, a capital paranaense consolidou-se como polo de cafeterias premiadas e cervejarias artesanais de destaque. Os visitantes podem explorar tanto os estabelecimentos locais quanto os polos gastron\u00f4micos da regi\u00e3o metropolitana, que oferecem desde pratos tradicionais de boteco at\u00e9 receitas inspiradas no litoral do estado.<\/p>\n<p>Por Reda\u00e7\u00e3o Acontece<\/p>\n<p>(Foto: Jos\u00e9 Fernando Ogura\/SECOM)<\/p>\n","protected":false},"excerpt":{"rendered":"<p>Moradores e turistas que escolherem a capital paranaense para aproveitar o feriad\u00e3o prolongado da Independ\u00eancia, em 7 de setembro, combinado com a data da padroeira municipal em 8 de setembro, ter\u00e3o quatro dias inteiros de descanso. A cidade e sua Regi\u00e3o Metropolitana oferecem excelentes alternativas de lazer que unem \u00e1reas verdes famosas, cultura e roteiros [&hellip;]<\/p>\n","protected":false},"author":0,"featured_media":35885,"comment_status":"open","ping_status":"open","sticky":false,"template":"","format":"standard","meta":{"footnotes":""},"categories":[18],"tags":[],"class_list":["post-35882","post","type-post","status-publish","format-standard","has-post-thumbnail","hentry","category-parana"],"_links":{"self":[{"href":"https:\/\/acontecenafronteira.com.br\/index.php\/wp-json\/wp\/v2\/posts\/35882","targetHints":{"allow":["GET"]}}],"collection":[{"href":"https:\/\/acontecenafronteira.com.br\/index.php\/wp-json\/wp\/v2\/posts"}],"about":[{"href":"https:\/\/acontecenafronteira.com.br\/index.php\/wp-json\/wp\/v2\/types\/post"}],"replies":[{"embeddable":true,"href":"https:\/\/acontecenafronteira.com.br\/index.php\/wp-json\/wp\/v2\/comments?post=35882"}],"version-history":[{"count":1,"href":"https:\/\/acontecenafronteira.com.br\/index.php\/wp-json\/wp\/v2\/posts\/35882\/revisions"}],"predecessor-version":[{"id":35884,"href":"https:\/\/acontecenafronteira.com.br\/index.php\/wp-json\/wp\/v2\/posts\/35882\/revisions\/35884"}],"wp:featuredmedia":[{"embeddable":true,"href":"https:\/\/acontecenafronteira.com.br\/index.php\/wp-json\/wp\/v2\/media\/35885"}],"wp:attachment":[{"href":"https:\/\/acontecenafronteira.com.br\/index.php\/wp-json\/wp\/v2\/media?parent=35882"}],"wp:term":[{"taxonomy":"category","embeddable":true,"href":"https:\/\/acontecenafronteira.com.br\/index.php\/wp-json\/wp\/v2\/categories?post=35882"},{"taxonomy":"post_tag","embeddable":true,"href":"https:\/\/acontecenafronteira.com.br\/index.php\/wp-json\/wp\/v2\/tags?post=35882"}],"curies":[{"name":"wp","href":"https:\/\/api.w.org\/{rel}","templated":true}]}}