{"id":35872,"date":"2026-09-05T06:37:47","date_gmt":"2026-09-05T09:37:47","guid":{"rendered":"https:\/\/acontecenafronteira.com.br\/?p=35872"},"modified":"2026-09-05T06:37:47","modified_gmt":"2026-09-05T09:37:47","slug":"supremo-tribunal-federal-enquete-revela-preferencia-popular","status":"publish","type":"post","link":"https:\/\/acontecenafronteira.com.br\/index.php\/2026\/09\/05\/supremo-tribunal-federal-enquete-revela-preferencia-popular\/","title":{"rendered":"Supremo Tribunal Federal: enquete revela prefer\u00eancia popular"},"content":{"rendered":"<p>Uma pesquisa recente realizada com 1.648 participantes trouxe novos contornos sobre a percep\u00e7\u00e3o p\u00fablica em rela\u00e7\u00e3o aos rumos do Supremo Tribunal Federal (STF) em meio a um cen\u00e1rio de instabilidade institucional.<\/p>\n<h2>Resultado da vota\u00e7\u00e3o popular<\/h2>\n<p>O levantamento buscou entender a prefer\u00eancia do p\u00fablico diante dos principais nomes envolvidos nas discuss\u00f5es atuais da mais alta corte do pa\u00eds.<\/p>\n<h2>Desempenho dos ministros<\/h2>\n<p>O ministro Alexandre de Moraes liderou a prefer\u00eancia dos participantes, alcan\u00e7ando 56,3% das indica\u00e7\u00f5es na consulta popular.<\/p>\n<h2>Outros cen\u00e1rios avaliados<\/h2>\n<p>Por sua vez, o ministro Andr\u00e9 Mendon\u00e7a registrou 17,2% do total de votos computados durante o levantamento de opini\u00e3o.<\/p>\n<h2>Indiferen\u00e7a e rejei\u00e7\u00e3o<\/h2>\n<p>Al\u00e9m disso, uma parcela significativa de 26,5% dos entrevistados afirmou que <strong>nenhum dos dois<\/strong> magistrados representa a sa\u00edda ideal para a atual crise.<\/p>\n<p>O panorama reflete a divis\u00e3o de opini\u00f5es na sociedade sobre os rumos do poder judici\u00e1rio brasileiro e o papel de suas principais lideran\u00e7as.<\/p>\n<p>Por Reda\u00e7\u00e3o Acontece<\/p>\n<p>Cr\u00e9ditos da imagem: Divulga\u00e7\u00e3o\/STF<\/p>\n","protected":false},"excerpt":{"rendered":"<p>Uma pesquisa recente realizada com 1.648 participantes trouxe novos contornos sobre a percep\u00e7\u00e3o p\u00fablica em rela\u00e7\u00e3o aos rumos do Supremo Tribunal Federal (STF) em meio a um cen\u00e1rio de instabilidade institucional. Resultado da vota\u00e7\u00e3o popular O levantamento buscou entender a prefer\u00eancia do p\u00fablico diante dos principais nomes envolvidos nas discuss\u00f5es atuais da mais alta corte [&hellip;]<\/p>\n","protected":false},"author":0,"featured_media":35880,"comment_status":"open","ping_status":"open","sticky":false,"template":"","format":"standard","meta":{"footnotes":""},"categories":[6],"tags":[],"class_list":["post-35872","post","type-post","status-publish","format-standard","has-post-thumbnail","hentry","category-mercosul"],"_links":{"self":[{"href":"https:\/\/acontecenafronteira.com.br\/index.php\/wp-json\/wp\/v2\/posts\/35872","targetHints":{"allow":["GET"]}}],"collection":[{"href":"https:\/\/acontecenafronteira.com.br\/index.php\/wp-json\/wp\/v2\/posts"}],"about":[{"href":"https:\/\/acontecenafronteira.com.br\/index.php\/wp-json\/wp\/v2\/types\/post"}],"replies":[{"embeddable":true,"href":"https:\/\/acontecenafronteira.com.br\/index.php\/wp-json\/wp\/v2\/comments?post=35872"}],"version-history":[{"count":1,"href":"https:\/\/acontecenafronteira.com.br\/index.php\/wp-json\/wp\/v2\/posts\/35872\/revisions"}],"predecessor-version":[{"id":35879,"href":"https:\/\/acontecenafronteira.com.br\/index.php\/wp-json\/wp\/v2\/posts\/35872\/revisions\/35879"}],"wp:featuredmedia":[{"embeddable":true,"href":"https:\/\/acontecenafronteira.com.br\/index.php\/wp-json\/wp\/v2\/media\/35880"}],"wp:attachment":[{"href":"https:\/\/acontecenafronteira.com.br\/index.php\/wp-json\/wp\/v2\/media?parent=35872"}],"wp:term":[{"taxonomy":"category","embeddable":true,"href":"https:\/\/acontecenafronteira.com.br\/index.php\/wp-json\/wp\/v2\/categories?post=35872"},{"taxonomy":"post_tag","embeddable":true,"href":"https:\/\/acontecenafronteira.com.br\/index.php\/wp-json\/wp\/v2\/tags?post=35872"}],"curies":[{"name":"wp","href":"https:\/\/api.w.org\/{rel}","templated":true}]}}