{"id":35871,"date":"2026-09-05T06:37:34","date_gmt":"2026-09-05T09:37:34","guid":{"rendered":"https:\/\/acontecenafronteira.com.br\/?p=35871"},"modified":"2026-09-05T06:37:34","modified_gmt":"2026-09-05T09:37:34","slug":"parana-na-rota-global-onu-aprova-novo-mapa-que-corrige-distorcoes","status":"publish","type":"post","link":"https:\/\/acontecenafronteira.com.br\/index.php\/2026\/09\/05\/parana-na-rota-global-onu-aprova-novo-mapa-que-corrige-distorcoes\/","title":{"rendered":"Paran\u00e1 na rota global: ONU aprova novo mapa que corrige distor\u00e7\u00f5es"},"content":{"rendered":"<p>A Assembleia Geral da Organiza\u00e7\u00e3o das Na\u00e7\u00f5es Unidas ratificou uma resolu\u00e7\u00e3o hist\u00f3rica para alterar a representa\u00e7\u00e3o cartogr\u00e1fica global, corrigindo distor\u00e7\u00f5es hist\u00f3ricas que afetam diretamente o continente africano, a Am\u00e9rica Latina e o sul asi\u00e1tico nos tradicionais modelos geogr\u00e1ficos.<\/p>\n<h2>O fim da proje\u00e7\u00e3o de Mercator e o impacto global<\/h2>\n<p>O modelo cartogr\u00e1fico vigente at\u00e9 ent\u00e3o baseava-se na proje\u00e7\u00e3o de Mercator, desenvolvida no s\u00e9culo 16 com foco exclusivo em demandas de navega\u00e7\u00e3o mar\u00edtima. O grande problema t\u00e9cnico desse formato reside na distor\u00e7\u00e3o acentuada que hipertrofia as regi\u00f5es situadas nas por\u00e7\u00f5es norte e sul do planeta, enquanto encolhe de forma dr\u00e1stica os territ\u00f3rios tropicais.<\/p>\n<p>Para se ter uma ideia da disparidade geom\u00e9trica, a \u00c1frica aparecia nos mapas tradicionais com dimens\u00f5es equivalentes \u00e0s da Groenl\u00e2ndia, embora a realidade geogr\u00e1fica aponte que o territ\u00f3rio africano \u00e9 cerca de 14 vezes maior. A proposta aprovada, liderada pelo Togo com forte apoio de na\u00e7\u00f5es da Uni\u00e3o Africana, recebeu 164 votos favor\u00e1veis na Assembleia Geral.<\/p>\n<h2>Vota\u00e7\u00e3o expressiva e ades\u00e3o volunt\u00e1ria<\/h2>\n<p>Apesar da ampla maioria que garantiu a aprova\u00e7\u00e3o da resolu\u00e7\u00e3o intitulada &#8220;Corrija o mapa&#8221;, o documento estabelece que a ades\u00e3o por parte das na\u00e7\u00f5es soberanas tem car\u00e1ter facultativo. Apenas os Estados Unidos votaram contrariamente \u00e0 medida, acompanhados por seis absten\u00e7\u00f5es diplom\u00e1ticas registradas por Est\u00f4nia, Ge\u00f3rgia, Litu\u00e2nia, Mold\u00e1via, S\u00e9rvia e Ucr\u00e2nia.<\/p>\n<p>O texto orienta governos, institui\u00e7\u00f5es educacionais, corpora\u00e7\u00f5es globais e empresas de tecnologia a migrarem para o uso da proje\u00e7\u00e3o conhecida como Terra Igual. Especialistas reconhecem, contudo, que nenhuma representa\u00e7\u00e3o plana consegue transferir com 100% de fidelidade a superf\u00edcie curva da Terra sem algum tipo de altera\u00e7\u00e3o proporcional.<\/p>\n<h2>Contexto hist\u00f3rico e iniciativas no Brasil<\/h2>\n<p>A discuss\u00e3o sobre a geopol\u00edtica da cartografia tamb\u00e9m encontra eco em iniciativas nacionais recentes. No per\u00edodo anterior, o Instituto Brasileiro de Geografia e Estat\u00edstica apresentou ao p\u00fablico uma vers\u00e3o alternativa do mapa-m\u00fandi colocando o territ\u00f3rio brasileiro em posi\u00e7\u00e3o de destaque central, com a invers\u00e3o que posiciona o Sul na parte superior.<\/p>\n<p>Representantes da diretoria de geoci\u00eancias do \u00f3rg\u00e3o oficial destacaram que a orienta\u00e7\u00e3o tradicional baseada no eixo norte-sul carrega conven\u00e7\u00f5es visuais e subliminares. Para autoridades e pesquisadores da \u00e1rea, a forma como os mapas s\u00e3o desenhados influencia diretamente a percep\u00e7\u00e3o cultural, econ\u00f4mica e social que as popula\u00e7\u00f5es possuem acerca do espa\u00e7o global.<\/p>\n<p>Por Reda\u00e7\u00e3o Acontece<\/p>\n<p>Foto: Divulga\u00e7\u00e3o \/ ONU News<\/p>\n","protected":false},"excerpt":{"rendered":"<p>A Assembleia Geral da Organiza\u00e7\u00e3o das Na\u00e7\u00f5es Unidas ratificou uma resolu\u00e7\u00e3o hist\u00f3rica para alterar a representa\u00e7\u00e3o cartogr\u00e1fica global, corrigindo distor\u00e7\u00f5es hist\u00f3ricas que afetam diretamente o continente africano, a Am\u00e9rica Latina e o sul asi\u00e1tico nos tradicionais modelos geogr\u00e1ficos. O fim da proje\u00e7\u00e3o de Mercator e o impacto global O modelo cartogr\u00e1fico vigente at\u00e9 ent\u00e3o baseava-se [&hellip;]<\/p>\n","protected":false},"author":0,"featured_media":35878,"comment_status":"open","ping_status":"open","sticky":false,"template":"","format":"standard","meta":{"footnotes":""},"categories":[6],"tags":[],"class_list":["post-35871","post","type-post","status-publish","format-standard","has-post-thumbnail","hentry","category-mercosul"],"_links":{"self":[{"href":"https:\/\/acontecenafronteira.com.br\/index.php\/wp-json\/wp\/v2\/posts\/35871","targetHints":{"allow":["GET"]}}],"collection":[{"href":"https:\/\/acontecenafronteira.com.br\/index.php\/wp-json\/wp\/v2\/posts"}],"about":[{"href":"https:\/\/acontecenafronteira.com.br\/index.php\/wp-json\/wp\/v2\/types\/post"}],"replies":[{"embeddable":true,"href":"https:\/\/acontecenafronteira.com.br\/index.php\/wp-json\/wp\/v2\/comments?post=35871"}],"version-history":[{"count":1,"href":"https:\/\/acontecenafronteira.com.br\/index.php\/wp-json\/wp\/v2\/posts\/35871\/revisions"}],"predecessor-version":[{"id":35877,"href":"https:\/\/acontecenafronteira.com.br\/index.php\/wp-json\/wp\/v2\/posts\/35871\/revisions\/35877"}],"wp:featuredmedia":[{"embeddable":true,"href":"https:\/\/acontecenafronteira.com.br\/index.php\/wp-json\/wp\/v2\/media\/35878"}],"wp:attachment":[{"href":"https:\/\/acontecenafronteira.com.br\/index.php\/wp-json\/wp\/v2\/media?parent=35871"}],"wp:term":[{"taxonomy":"category","embeddable":true,"href":"https:\/\/acontecenafronteira.com.br\/index.php\/wp-json\/wp\/v2\/categories?post=35871"},{"taxonomy":"post_tag","embeddable":true,"href":"https:\/\/acontecenafronteira.com.br\/index.php\/wp-json\/wp\/v2\/tags?post=35871"}],"curies":[{"name":"wp","href":"https:\/\/api.w.org\/{rel}","templated":true}]}}