{"id":35859,"date":"2026-09-05T06:37:16","date_gmt":"2026-09-05T09:37:16","guid":{"rendered":"https:\/\/acontecenafronteira.com.br\/?p=35859"},"modified":"2026-09-05T06:37:16","modified_gmt":"2026-09-05T09:37:16","slug":"frente-fria-e-chuva-no-rock-in-rio-veja-a-previsao","status":"publish","type":"post","link":"https:\/\/acontecenafronteira.com.br\/index.php\/2026\/09\/05\/frente-fria-e-chuva-no-rock-in-rio-veja-a-previsao\/","title":{"rendered":"Frente fria e chuva no Rock in Rio: veja a previs\u00e3o"},"content":{"rendered":"<p>O p\u00fablico que se prepara para curtir os shows do Rock in Rio nos pr\u00f3ximos dias precisa incluir a capa de chuva na lista de itens essenciais. Conforme dados divulgados pelo sistema municipal Alerta Rio, a meteorologia indica instabilidade clim\u00e1tica e rajadas de vento fortes na capital fluminense.<\/p>\n<h2>Previs\u00e3o para o s\u00e1bado de festival<\/h2>\n<p>No s\u00e1bado, dia marcado pelas performances de Avenged Sevenfold e Sepultura no Palco Mundo, al\u00e9m de Bad Omens e Black Pantera com Nervosa no Palco Sunset, o cen\u00e1rio meteorol\u00f3gico n\u00e3o ser\u00e1 favor\u00e1vel. A aproxima\u00e7\u00e3o de uma frente fria combinada com \u00e1reas de instabilidade trar\u00e1 muitas nuvens e precipita\u00e7\u00e3o leve na madrugada, evoluindo para chuvas fracas a moderadas isoladas a partir do per\u00edodo matutino, acompanhadas de ventila\u00e7\u00e3o fraca a moderada.<\/p>\n<h2>Condi\u00e7\u00f5es clim\u00e1ticas no domingo<\/h2>\n<p>J\u00e1 no domingo, data que traz atra\u00e7\u00f5es como Calvin Harris e Black Eyed Peas no Palco Mundo, e Ne-Yo junto a Jota Quest interpretando Tim Maia no Palco Sunset, a instabilidade persiste devido ao avan\u00e7o da frente fria. A faixa litor\u00e2nea deve registrar term\u00f4metros em queda e ventos que variam de moderados a fortes, alcan\u00e7ando velocidades entre 52 km\/h e 76 km\/h, com rajadas pontuais que podem chegar a 85 km\/h. O c\u00e9u permanecer\u00e1 nublado com possibilidade de precipita\u00e7\u00e3o fraca a moderada em forma de pancadas isoladas.<\/p>\n<h2>Cen\u00e1rio para a segunda-feira<\/h2>\n<p>Para a segunda-feira, quando se apresentam grandes nomes como Elton John, Gilberto Gil, Lu\u00edsa Sonza, Laufey e P\u00e9ricles, a umidade vinda do oceano continuar\u00e1 influenciando o clima da regi\u00e3o. O c\u00e9u ficar\u00e1 encoberto e a expectativa aponta para chuvas fracas a moderadas de forma isolada ao longo de todo o dia, com ventos soprando em intensidade fraca a moderada.<\/p>\n<p>Por Reda\u00e7\u00e3o Acontece<\/p>\n<p>Foto: Divulga\u00e7\u00e3o \/ Alerta Rio<\/p>\n","protected":false},"excerpt":{"rendered":"<p>O p\u00fablico que se prepara para curtir os shows do Rock in Rio nos pr\u00f3ximos dias precisa incluir a capa de chuva na lista de itens essenciais. Conforme dados divulgados pelo sistema municipal Alerta Rio, a meteorologia indica instabilidade clim\u00e1tica e rajadas de vento fortes na capital fluminense. Previs\u00e3o para o s\u00e1bado de festival No [&hellip;]<\/p>\n","protected":false},"author":0,"featured_media":35869,"comment_status":"open","ping_status":"open","sticky":false,"template":"","format":"standard","meta":{"footnotes":""},"categories":[28],"tags":[],"class_list":["post-35859","post","type-post","status-publish","format-standard","has-post-thumbnail","hentry","category-mundo"],"_links":{"self":[{"href":"https:\/\/acontecenafronteira.com.br\/index.php\/wp-json\/wp\/v2\/posts\/35859","targetHints":{"allow":["GET"]}}],"collection":[{"href":"https:\/\/acontecenafronteira.com.br\/index.php\/wp-json\/wp\/v2\/posts"}],"about":[{"href":"https:\/\/acontecenafronteira.com.br\/index.php\/wp-json\/wp\/v2\/types\/post"}],"replies":[{"embeddable":true,"href":"https:\/\/acontecenafronteira.com.br\/index.php\/wp-json\/wp\/v2\/comments?post=35859"}],"version-history":[{"count":1,"href":"https:\/\/acontecenafronteira.com.br\/index.php\/wp-json\/wp\/v2\/posts\/35859\/revisions"}],"predecessor-version":[{"id":35868,"href":"https:\/\/acontecenafronteira.com.br\/index.php\/wp-json\/wp\/v2\/posts\/35859\/revisions\/35868"}],"wp:featuredmedia":[{"embeddable":true,"href":"https:\/\/acontecenafronteira.com.br\/index.php\/wp-json\/wp\/v2\/media\/35869"}],"wp:attachment":[{"href":"https:\/\/acontecenafronteira.com.br\/index.php\/wp-json\/wp\/v2\/media?parent=35859"}],"wp:term":[{"taxonomy":"category","embeddable":true,"href":"https:\/\/acontecenafronteira.com.br\/index.php\/wp-json\/wp\/v2\/categories?post=35859"},{"taxonomy":"post_tag","embeddable":true,"href":"https:\/\/acontecenafronteira.com.br\/index.php\/wp-json\/wp\/v2\/tags?post=35859"}],"curies":[{"name":"wp","href":"https:\/\/api.w.org\/{rel}","templated":true}]}}