{"id":35858,"date":"2026-09-05T06:37:11","date_gmt":"2026-09-05T09:37:11","guid":{"rendered":"https:\/\/acontecenafronteira.com.br\/?p=35858"},"modified":"2026-09-05T06:37:11","modified_gmt":"2026-09-05T09:37:11","slug":"transito-em-foz-do-iguacu-mudancas-e-rotas-para-o-fim-de-semana","status":"publish","type":"post","link":"https:\/\/acontecenafronteira.com.br\/index.php\/2026\/09\/05\/transito-em-foz-do-iguacu-mudancas-e-rotas-para-o-fim-de-semana\/","title":{"rendered":"Tr\u00e2nsito em Foz do Igua\u00e7u: Mudan\u00e7as e Rotas para o Fim de Semana"},"content":{"rendered":"<p>Moradores e visitantes de Foz do Igua\u00e7u precisam redobrar a aten\u00e7\u00e3o para as altera\u00e7\u00f5es no tr\u00e1fego urbano planejadas para este final de semana, visando garantir a fluidez e a seguran\u00e7a na regi\u00e3o.<\/p>\n<h2>Altera\u00e7\u00f5es no tr\u00e2nsito local<\/h2>\n<p>A prefeitura municipal estabeleceu um plano estrat\u00e9gico de interdi\u00e7\u00f5es em vias estrat\u00e9gicas, com bloqueios que entram em vigor no per\u00edodo da tarde e seguem at\u00e9 a madrugada seguinte, exigindo planejamento pr\u00e9vio de motoristas e pedestres.<\/p>\n<h2>Op\u00e7\u00f5es de transporte p\u00fablico<\/h2>\n<p>Para evitar congestionamentos e garantir a chegada aos destinos, autoridades recomendam a utiliza\u00e7\u00e3o intensiva do transporte coletivo, que contar\u00e1 com linhas refor\u00e7adas e hor\u00e1rios estendidos durante os dias de maior movimenta\u00e7\u00e3o na cidade.<\/p>\n<h3>Dicas para o deslocamento<\/h3>\n<p>Ve\u00edculos particulares e de aplicativos ter\u00e3o circula\u00e7\u00e3o limitada nas imedia\u00e7\u00f5es das \u00e1reas com restri\u00e7\u00e3o, tornando fundamental a verifica\u00e7\u00e3o antecipada dos trajetos permitidos e das rotas alternativas dispon\u00edveis para os condutores.<\/p>\n<p>Com a expectativa de grande fluxo de pessoas circulando pelos principais pontos tur\u00edsticos e comerciais do munic\u00edpio, seguir as orienta\u00e7\u00f5es dos agentes de tr\u00e2nsito \u00e9 indispens\u00e1vel para um deslocamento seguro e sem imprevistos.<\/p>\n<p>Por Reda\u00e7\u00e3o Acontece<\/p>\n<p>Foto: Divulga\u00e7\u00e3o\/Prefeitura<\/p>\n","protected":false},"excerpt":{"rendered":"<p>Moradores e visitantes de Foz do Igua\u00e7u precisam redobrar a aten\u00e7\u00e3o para as altera\u00e7\u00f5es no tr\u00e1fego urbano planejadas para este final de semana, visando garantir a fluidez e a seguran\u00e7a na regi\u00e3o. Altera\u00e7\u00f5es no tr\u00e2nsito local A prefeitura municipal estabeleceu um plano estrat\u00e9gico de interdi\u00e7\u00f5es em vias estrat\u00e9gicas, com bloqueios que entram em vigor no [&hellip;]<\/p>\n","protected":false},"author":0,"featured_media":35867,"comment_status":"open","ping_status":"open","sticky":false,"template":"","format":"standard","meta":{"footnotes":""},"categories":[28],"tags":[],"class_list":["post-35858","post","type-post","status-publish","format-standard","has-post-thumbnail","hentry","category-mundo"],"_links":{"self":[{"href":"https:\/\/acontecenafronteira.com.br\/index.php\/wp-json\/wp\/v2\/posts\/35858","targetHints":{"allow":["GET"]}}],"collection":[{"href":"https:\/\/acontecenafronteira.com.br\/index.php\/wp-json\/wp\/v2\/posts"}],"about":[{"href":"https:\/\/acontecenafronteira.com.br\/index.php\/wp-json\/wp\/v2\/types\/post"}],"replies":[{"embeddable":true,"href":"https:\/\/acontecenafronteira.com.br\/index.php\/wp-json\/wp\/v2\/comments?post=35858"}],"version-history":[{"count":1,"href":"https:\/\/acontecenafronteira.com.br\/index.php\/wp-json\/wp\/v2\/posts\/35858\/revisions"}],"predecessor-version":[{"id":35866,"href":"https:\/\/acontecenafronteira.com.br\/index.php\/wp-json\/wp\/v2\/posts\/35858\/revisions\/35866"}],"wp:featuredmedia":[{"embeddable":true,"href":"https:\/\/acontecenafronteira.com.br\/index.php\/wp-json\/wp\/v2\/media\/35867"}],"wp:attachment":[{"href":"https:\/\/acontecenafronteira.com.br\/index.php\/wp-json\/wp\/v2\/media?parent=35858"}],"wp:term":[{"taxonomy":"category","embeddable":true,"href":"https:\/\/acontecenafronteira.com.br\/index.php\/wp-json\/wp\/v2\/categories?post=35858"},{"taxonomy":"post_tag","embeddable":true,"href":"https:\/\/acontecenafronteira.com.br\/index.php\/wp-json\/wp\/v2\/tags?post=35858"}],"curies":[{"name":"wp","href":"https:\/\/api.w.org\/{rel}","templated":true}]}}