{"id":35857,"date":"2026-09-05T06:36:56","date_gmt":"2026-09-05T09:36:56","guid":{"rendered":"https:\/\/acontecenafronteira.com.br\/?p=35857"},"modified":"2026-09-05T06:36:56","modified_gmt":"2026-09-05T09:36:56","slug":"instituto-b55-quer-revolucionar-o-empreendedorismo-no-brasil","status":"publish","type":"post","link":"https:\/\/acontecenafronteira.com.br\/index.php\/2026\/09\/05\/instituto-b55-quer-revolucionar-o-empreendedorismo-no-brasil\/","title":{"rendered":"Instituto B55 quer revolucionar o empreendedorismo no Brasil"},"content":{"rendered":"<p>Fundadores de gigantes do mercado brasileiro se uniram para criar uma nova iniciativa voltada para o fortalecimento de neg\u00f3cios locais e a mentoria de empres\u00e1rios em busca de expans\u00e3o.<\/p>\n<h2>A origem do projeto e grandes nomes<\/h2>\n<p>\nA cria\u00e7\u00e3o do instituto nasceu da experi\u00eancia de l\u00edderes renomados que decidiram sistematizar conselhos e suporte pr\u00e1tico para quem comanda empresas. A iniciativa conta com a participa\u00e7\u00e3o de nomes de peso do ecossistema corporativo nacional, oferecendo orienta\u00e7\u00e3o baseada em viv\u00eancias reais de mercado.<\/p>\n<h2>Funcionamento e expans\u00e3o para o futuro<\/h2>\n<p>\nAtualmente, a opera\u00e7\u00e3o re\u00fane dezenas de empresas de pequeno e m\u00e9dio porte que participam de imers\u00f5es e encontros peri\u00f3dicos. Os organizadores buscam compartilhar aprendizados para evitar armadilhas comuns na trajet\u00f3ria dos neg\u00f3cios.<\/p>\n<h3>Planos para um grande campus<\/h3>\n<p>\nAl\u00e9m do formato atual, os l\u00edderes do projeto planejam a constru\u00e7\u00e3o de um amplo espa\u00e7o f\u00edsico em S\u00e3o Paulo para abrigar opera\u00e7\u00f5es, eventos e promover conex\u00f5es diretas entre os participantes, com planos de expans\u00e3o para outras regi\u00f5es no futuro.<\/p>\n<p>O objetivo de longo prazo \u00e9 abranger desde microempreendedores at\u00e9 grandes companhias, consolidando o pa\u00eds como um polo cada vez mais forte para quem deseja construir e escalar seus pr\u00f3prios empreendimentos.<\/p>\n<p> Por Reda\u00e7\u00e3o Acontece<\/p>\n<p>Cr\u00e9ditos da imagem: Divulga\u00e7\u00e3o\/B55<\/p>\n","protected":false},"excerpt":{"rendered":"<p>Fundadores de gigantes do mercado brasileiro se uniram para criar uma nova iniciativa voltada para o fortalecimento de neg\u00f3cios locais e a mentoria de empres\u00e1rios em busca de expans\u00e3o. A origem do projeto e grandes nomes A cria\u00e7\u00e3o do instituto nasceu da experi\u00eancia de l\u00edderes renomados que decidiram sistematizar conselhos e suporte pr\u00e1tico para quem [&hellip;]<\/p>\n","protected":false},"author":0,"featured_media":35865,"comment_status":"open","ping_status":"open","sticky":false,"template":"","format":"standard","meta":{"footnotes":""},"categories":[28],"tags":[],"class_list":["post-35857","post","type-post","status-publish","format-standard","has-post-thumbnail","hentry","category-mundo"],"_links":{"self":[{"href":"https:\/\/acontecenafronteira.com.br\/index.php\/wp-json\/wp\/v2\/posts\/35857","targetHints":{"allow":["GET"]}}],"collection":[{"href":"https:\/\/acontecenafronteira.com.br\/index.php\/wp-json\/wp\/v2\/posts"}],"about":[{"href":"https:\/\/acontecenafronteira.com.br\/index.php\/wp-json\/wp\/v2\/types\/post"}],"replies":[{"embeddable":true,"href":"https:\/\/acontecenafronteira.com.br\/index.php\/wp-json\/wp\/v2\/comments?post=35857"}],"version-history":[{"count":1,"href":"https:\/\/acontecenafronteira.com.br\/index.php\/wp-json\/wp\/v2\/posts\/35857\/revisions"}],"predecessor-version":[{"id":35864,"href":"https:\/\/acontecenafronteira.com.br\/index.php\/wp-json\/wp\/v2\/posts\/35857\/revisions\/35864"}],"wp:featuredmedia":[{"embeddable":true,"href":"https:\/\/acontecenafronteira.com.br\/index.php\/wp-json\/wp\/v2\/media\/35865"}],"wp:attachment":[{"href":"https:\/\/acontecenafronteira.com.br\/index.php\/wp-json\/wp\/v2\/media?parent=35857"}],"wp:term":[{"taxonomy":"category","embeddable":true,"href":"https:\/\/acontecenafronteira.com.br\/index.php\/wp-json\/wp\/v2\/categories?post=35857"},{"taxonomy":"post_tag","embeddable":true,"href":"https:\/\/acontecenafronteira.com.br\/index.php\/wp-json\/wp\/v2\/tags?post=35857"}],"curies":[{"name":"wp","href":"https:\/\/api.w.org\/{rel}","templated":true}]}}