{"id":35856,"date":"2026-09-05T06:36:52","date_gmt":"2026-09-05T09:36:52","guid":{"rendered":"https:\/\/acontecenafronteira.com.br\/?p=35856"},"modified":"2026-09-05T06:36:52","modified_gmt":"2026-09-05T09:36:52","slug":"teste-de-dna-descarta-que-chico-buarque-seja-pai-de-carioca","status":"publish","type":"post","link":"https:\/\/acontecenafronteira.com.br\/index.php\/2026\/09\/05\/teste-de-dna-descarta-que-chico-buarque-seja-pai-de-carioca\/","title":{"rendered":"Teste de DNA descarta que Chico Buarque seja pai de carioca"},"content":{"rendered":"<p>O laudo do teste de DNA referente ao processo de paternidade movido contra o cantor Chico Buarque foi finalizado pelo Tribunal de Justi\u00e7a do Rio de Janeiro.<\/p>\n<h2>Resultado do exame pericial<\/h2>\n<p>A per\u00edcia concluiu que o artista n\u00e3o \u00e9 o pai biol\u00f3gico do morador do bairro de Barra de Guaratiba, localizado na Zona Oeste da capital fluminense.<\/p>\n<h2>Entenda o caso de paternidade<\/h2>\n<p>A a\u00e7\u00e3o judicial havia sido iniciada por um homem que alegava ser filho do renomado compositor brasileiro, gerando grande repercuss\u00e3o nos portais de not\u00edcias e redes sociais.<\/p>\n<p>Com a conclus\u00e3o da an\u00e1lise gen\u00e9tica realizada pelos \u00f3rg\u00e3os competentes da Justi\u00e7a carioca, a d\u00favida sobre o parentesco foi oficialmente esclarecida pelo tribunal.<\/p>\n<p>Por Reda\u00e7\u00e3o Acontece<\/p>\n<p>Foto: Divulga\u00e7\u00e3o<\/p>\n","protected":false},"excerpt":{"rendered":"<p>O laudo do teste de DNA referente ao processo de paternidade movido contra o cantor Chico Buarque foi finalizado pelo Tribunal de Justi\u00e7a do Rio de Janeiro. Resultado do exame pericial A per\u00edcia concluiu que o artista n\u00e3o \u00e9 o pai biol\u00f3gico do morador do bairro de Barra de Guaratiba, localizado na Zona Oeste da [&hellip;]<\/p>\n","protected":false},"author":0,"featured_media":35863,"comment_status":"open","ping_status":"open","sticky":false,"template":"","format":"standard","meta":{"footnotes":""},"categories":[28],"tags":[],"class_list":["post-35856","post","type-post","status-publish","format-standard","has-post-thumbnail","hentry","category-mundo"],"_links":{"self":[{"href":"https:\/\/acontecenafronteira.com.br\/index.php\/wp-json\/wp\/v2\/posts\/35856","targetHints":{"allow":["GET"]}}],"collection":[{"href":"https:\/\/acontecenafronteira.com.br\/index.php\/wp-json\/wp\/v2\/posts"}],"about":[{"href":"https:\/\/acontecenafronteira.com.br\/index.php\/wp-json\/wp\/v2\/types\/post"}],"replies":[{"embeddable":true,"href":"https:\/\/acontecenafronteira.com.br\/index.php\/wp-json\/wp\/v2\/comments?post=35856"}],"version-history":[{"count":1,"href":"https:\/\/acontecenafronteira.com.br\/index.php\/wp-json\/wp\/v2\/posts\/35856\/revisions"}],"predecessor-version":[{"id":35862,"href":"https:\/\/acontecenafronteira.com.br\/index.php\/wp-json\/wp\/v2\/posts\/35856\/revisions\/35862"}],"wp:featuredmedia":[{"embeddable":true,"href":"https:\/\/acontecenafronteira.com.br\/index.php\/wp-json\/wp\/v2\/media\/35863"}],"wp:attachment":[{"href":"https:\/\/acontecenafronteira.com.br\/index.php\/wp-json\/wp\/v2\/media?parent=35856"}],"wp:term":[{"taxonomy":"category","embeddable":true,"href":"https:\/\/acontecenafronteira.com.br\/index.php\/wp-json\/wp\/v2\/categories?post=35856"},{"taxonomy":"post_tag","embeddable":true,"href":"https:\/\/acontecenafronteira.com.br\/index.php\/wp-json\/wp\/v2\/tags?post=35856"}],"curies":[{"name":"wp","href":"https:\/\/api.w.org\/{rel}","templated":true}]}}