{"id":35855,"date":"2026-09-05T06:36:35","date_gmt":"2026-09-05T09:36:35","guid":{"rendered":"https:\/\/acontecenafronteira.com.br\/?p=35855"},"modified":"2026-09-05T06:36:35","modified_gmt":"2026-09-05T09:36:35","slug":"joao-saldanha-e-memorias-do-futebol-carioca-no-parana","status":"publish","type":"post","link":"https:\/\/acontecenafronteira.com.br\/index.php\/2026\/09\/05\/joao-saldanha-e-memorias-do-futebol-carioca-no-parana\/","title":{"rendered":"Jo\u00e3o Saldanha e mem\u00f3rias do futebol carioca no Paran\u00e1"},"content":{"rendered":"<p>As lembran\u00e7as da inf\u00e2ncia muitas vezes se cruzam com grandes figuras da hist\u00f3ria brasileira e do esporte nacional, como o emblem\u00e1tico jornalista e treinador Jo\u00e3o Saldanha.<\/p>\n<h2>Encontros marcantes no Rio de Janeiro<\/h2>\n<p>A mem\u00f3ria afetiva de um passeio pela Rua Almirante Guilhem, no bairro do Leblon, traz \u00e0 tona a figura de um homem magro, vestindo cal\u00e7a jeans e camisa de mangas curtas, que marcou uma gera\u00e7\u00e3o.<\/p>\n<h2>O legado de Saldanha no esporte<\/h2>\n<p>Reconhecido por sua trajet\u00f3ria marcante na imprensa e \u00e0 frente da sele\u00e7\u00e3o brasileira, Jo\u00e3o Saldanha deixou uma marca profunda na forma de fazer e narrar o futebol no pa\u00eds.<\/p>\n<p>Hist\u00f3rias como essa continuam a fascinar leitores e entusiastas da bola, conectando diferentes gera\u00e7\u00f5es de torcedores apaixonados pelo esporte em todo o territ\u00f3rio nacional, incluindo o estado do Paran\u00e1.<\/p>\n<p>A trajet\u00f3ria de nomes inesquec\u00edveis da cr\u00f4nica esportiva segue viva na mem\u00f3ria coletiva, inspirando novas an\u00e1lises sobre as quatro linhas e os bastidores das competi\u00e7\u00f5es.<\/p>\n<p>Por Reda\u00e7\u00e3o Acontece<\/p>\n<p>Cr\u00e9ditos da imagem: Reprodu\u00e7\u00e3o<\/p>\n","protected":false},"excerpt":{"rendered":"<p>As lembran\u00e7as da inf\u00e2ncia muitas vezes se cruzam com grandes figuras da hist\u00f3ria brasileira e do esporte nacional, como o emblem\u00e1tico jornalista e treinador Jo\u00e3o Saldanha. Encontros marcantes no Rio de Janeiro A mem\u00f3ria afetiva de um passeio pela Rua Almirante Guilhem, no bairro do Leblon, traz \u00e0 tona a figura de um homem magro, [&hellip;]<\/p>\n","protected":false},"author":0,"featured_media":35861,"comment_status":"open","ping_status":"open","sticky":false,"template":"","format":"standard","meta":{"footnotes":""},"categories":[28],"tags":[],"class_list":["post-35855","post","type-post","status-publish","format-standard","has-post-thumbnail","hentry","category-mundo"],"_links":{"self":[{"href":"https:\/\/acontecenafronteira.com.br\/index.php\/wp-json\/wp\/v2\/posts\/35855","targetHints":{"allow":["GET"]}}],"collection":[{"href":"https:\/\/acontecenafronteira.com.br\/index.php\/wp-json\/wp\/v2\/posts"}],"about":[{"href":"https:\/\/acontecenafronteira.com.br\/index.php\/wp-json\/wp\/v2\/types\/post"}],"replies":[{"embeddable":true,"href":"https:\/\/acontecenafronteira.com.br\/index.php\/wp-json\/wp\/v2\/comments?post=35855"}],"version-history":[{"count":1,"href":"https:\/\/acontecenafronteira.com.br\/index.php\/wp-json\/wp\/v2\/posts\/35855\/revisions"}],"predecessor-version":[{"id":35860,"href":"https:\/\/acontecenafronteira.com.br\/index.php\/wp-json\/wp\/v2\/posts\/35855\/revisions\/35860"}],"wp:featuredmedia":[{"embeddable":true,"href":"https:\/\/acontecenafronteira.com.br\/index.php\/wp-json\/wp\/v2\/media\/35861"}],"wp:attachment":[{"href":"https:\/\/acontecenafronteira.com.br\/index.php\/wp-json\/wp\/v2\/media?parent=35855"}],"wp:term":[{"taxonomy":"category","embeddable":true,"href":"https:\/\/acontecenafronteira.com.br\/index.php\/wp-json\/wp\/v2\/categories?post=35855"},{"taxonomy":"post_tag","embeddable":true,"href":"https:\/\/acontecenafronteira.com.br\/index.php\/wp-json\/wp\/v2\/tags?post=35855"}],"curies":[{"name":"wp","href":"https:\/\/api.w.org\/{rel}","templated":true}]}}