{"id":35850,"date":"2026-09-05T06:36:11","date_gmt":"2026-09-05T09:36:11","guid":{"rendered":"https:\/\/acontecenafronteira.com.br\/?p=35850"},"modified":"2026-09-05T06:36:11","modified_gmt":"2026-09-05T09:36:11","slug":"artista-do-parana-fecha-agenda-ate-2029-apos-quadro-viralizar","status":"publish","type":"post","link":"https:\/\/acontecenafronteira.com.br\/index.php\/2026\/09\/05\/artista-do-parana-fecha-agenda-ate-2029-apos-quadro-viralizar\/","title":{"rendered":"Artista do Paran\u00e1 fecha agenda at\u00e9 2029 ap\u00f3s quadro viralizar"},"content":{"rendered":"<p>Uma pintora de Medianeira, no Oeste do Paran\u00e1, teve uma surpresa inesperada quando uma de suas produ\u00e7\u00f5es art\u00edsticas alcan\u00e7ou enorme repercuss\u00e3o nas plataformas digitais. Com o volume intenso de pedidos vindos de v\u00e1rias regi\u00f5es do Brasil e do exterior, Daine Mari Chibiaqui se viu obrigada a fechar sua agenda de encomendas para 2027 e 2028, tendo prazos preenchidos at\u00e9 2029.<\/p>\n<h2>O impacto das redes sociais no ateli\u00ea<\/h2>\n<p>\nCom uma trajet\u00f3ria de cinco d\u00e9cadas dedicada \u00e0s artes visuais, a paranaense ganhou notoriedade nacional e internacional gra\u00e7as \u00e0 s\u00e9rie de pinturas chamada Verdant, que foca em elementos da flora e fauna. Uma tela espec\u00edfica, com cerca de 2,5 metros de comprimento, chegou a ser comercializada por aproximadamente R$ 25 mil. Atualmente, ela acumula mais de 60 mil seguidores na internet, onde exibe os bastidores de sua produ\u00e7\u00e3o meticulosa.<\/p>\n<h2>Rotina intensa e alcance internacional<\/h2>\n<p>\nPara conseguir entregar de duas a tr\u00eas obras por m\u00eas, Daine mant\u00e9m uma jornada exaustiva que ultrapassa 15 horas di\u00e1rias, iniciando seus trabalhos antes das 7h e avan\u00e7ando pela noite. Essa dedica\u00e7\u00e3o fez com que suas telas fossem enviadas para pa\u00edses distantes como Filipinas, Ar\u00e1bia Saudita, Iraque e Catar, al\u00e9m de na\u00e7\u00f5es europeias. Boa parte dessa clientela \u00e9 formada por expatriados brasileiros em busca de mem\u00f3rias visuais de suas origines.<\/p>\n<h2>Inspira\u00e7\u00e3o na inf\u00e2ncia e preserva\u00e7\u00e3o ambiental<\/h2>\n<p>\nAs ra\u00edzes do trabalho da artista est\u00e3o ligadas \u00e0 sua inf\u00e2ncia em Capanema, no Sudoeste do Paran\u00e1, onde conviveu cercada por arauc\u00e1rias. Hoje, al\u00e9m de retratar essas \u00e1rvores e ip\u00eas em cole\u00e7\u00f5es famosas como Arauc\u00e1rias da Neblina, ela utiliza sua arte como ferramenta de conscientiza\u00e7\u00e3o ambiental, transformando parte de suas conquistas em \u00e1reas de preserva\u00e7\u00e3o permanente no estado.<\/p>\n<p>Por Reda\u00e7\u00e3o Acontece<\/p>\n<p>AconteceIA<\/p>\n","protected":false},"excerpt":{"rendered":"<p>Uma pintora de Medianeira, no Oeste do Paran\u00e1, teve uma surpresa inesperada quando uma de suas produ\u00e7\u00f5es art\u00edsticas alcan\u00e7ou enorme repercuss\u00e3o nas plataformas digitais. Com o volume intenso de pedidos vindos de v\u00e1rias regi\u00f5es do Brasil e do exterior, Daine Mari Chibiaqui se viu obrigada a fechar sua agenda de encomendas para 2027 e 2028, [&hellip;]<\/p>\n","protected":false},"author":0,"featured_media":35854,"comment_status":"open","ping_status":"open","sticky":false,"template":"","format":"standard","meta":{"footnotes":""},"categories":[18],"tags":[],"class_list":["post-35850","post","type-post","status-publish","format-standard","has-post-thumbnail","hentry","category-parana"],"_links":{"self":[{"href":"https:\/\/acontecenafronteira.com.br\/index.php\/wp-json\/wp\/v2\/posts\/35850","targetHints":{"allow":["GET"]}}],"collection":[{"href":"https:\/\/acontecenafronteira.com.br\/index.php\/wp-json\/wp\/v2\/posts"}],"about":[{"href":"https:\/\/acontecenafronteira.com.br\/index.php\/wp-json\/wp\/v2\/types\/post"}],"replies":[{"embeddable":true,"href":"https:\/\/acontecenafronteira.com.br\/index.php\/wp-json\/wp\/v2\/comments?post=35850"}],"version-history":[{"count":1,"href":"https:\/\/acontecenafronteira.com.br\/index.php\/wp-json\/wp\/v2\/posts\/35850\/revisions"}],"predecessor-version":[{"id":35853,"href":"https:\/\/acontecenafronteira.com.br\/index.php\/wp-json\/wp\/v2\/posts\/35850\/revisions\/35853"}],"wp:featuredmedia":[{"embeddable":true,"href":"https:\/\/acontecenafronteira.com.br\/index.php\/wp-json\/wp\/v2\/media\/35854"}],"wp:attachment":[{"href":"https:\/\/acontecenafronteira.com.br\/index.php\/wp-json\/wp\/v2\/media?parent=35850"}],"wp:term":[{"taxonomy":"category","embeddable":true,"href":"https:\/\/acontecenafronteira.com.br\/index.php\/wp-json\/wp\/v2\/categories?post=35850"},{"taxonomy":"post_tag","embeddable":true,"href":"https:\/\/acontecenafronteira.com.br\/index.php\/wp-json\/wp\/v2\/tags?post=35850"}],"curies":[{"name":"wp","href":"https:\/\/api.w.org\/{rel}","templated":true}]}}