{"id":35849,"date":"2026-09-05T06:35:55","date_gmt":"2026-09-05T09:35:55","guid":{"rendered":"https:\/\/acontecenafronteira.com.br\/?p=35849"},"modified":"2026-09-05T06:35:55","modified_gmt":"2026-09-05T09:35:55","slug":"advogada-do-pr-ganha-protecao-inedita-da-lei-maria-da-penha","status":"publish","type":"post","link":"https:\/\/acontecenafronteira.com.br\/index.php\/2026\/09\/05\/advogada-do-pr-ganha-protecao-inedita-da-lei-maria-da-penha\/","title":{"rendered":"Advogada do PR ganha prote\u00e7\u00e3o in\u00e9dita da Lei Maria da Penha"},"content":{"rendered":"<p>Advogada do PR ganha prote\u00e7\u00e3o in\u00e9dita da Lei Maria da Penha Em Curitiba, advogada recebe medida protetiva in\u00e9dita ap\u00f3s ser atacada por homem descontente com decis\u00e3o sobre pens\u00e3o aliment\u00edcia. Leia mais. Uma <strong>advogada de Curitiba<\/strong> obteve uma <strong>medida protetiva de urg\u00eancia<\/strong> in\u00e9dita no Paran\u00e1, amparada pela <strong>Lei Maria da Penha<\/strong>, ap\u00f3s sofrer um ataque motivado por sua atua\u00e7\u00e3o profissional em um processo de <strong>pens\u00e3o aliment\u00edcia<\/strong>. <\/p>\n<h2>Agress\u00e3o e hist\u00f3rico de amea\u00e7as<\/h2>\n<p> O caso ocorreu no \u00faltimo s\u00e1bado (29), quando o agressor, identificado como Juliano Muniz dos Santos, colidiu propositalmente contra o ve\u00edculo da profissional na garagem. O homem \u00e9 ex-marido de uma cliente representada por ela na Justi\u00e7a. De acordo com o relato da v\u00edtima, as intimida\u00e7\u00f5es haviam come\u00e7ado em julho, logo ap\u00f3s a determina\u00e7\u00e3o judicial para o pagamento do <strong>aux\u00edlio financeiro<\/strong> aos tr\u00eas filhos. <\/p>\n<h2>Aplica\u00e7\u00e3o in\u00e9dita da jurisprud\u00eancia do STF<\/h2>\n<p> O deferimento foi emitido pelo Plant\u00e3o Judici\u00e1rio no domingo (30), apontando perigo real \u00e0 integridade da jurista. A decis\u00e3o seguiu a tese fixada pelo <strong>Supremo Tribunal Federal (STF)<\/strong>, que valida o uso da legisla\u00e7\u00e3o de prote\u00e7\u00e3o \u00e0 mulher em ocorr\u00eancias de <strong>viol\u00eancia de g\u00eanero<\/strong> fora do ambiente dom\u00e9stico ou familiar. <\/p>\n<h2>Consequ\u00eancias legais para o agressor<\/h2>\n<p> Com a determina\u00e7\u00e3o judicial cumprida, o indiv\u00edduo est\u00e1 rigorosamente proibido de manter qualquer tipo de comunica\u00e7\u00e3o com a <strong>v\u00edtima<\/strong> ou de se aproximar dela. A <strong>Pol\u00edcia Civil<\/strong> abriu inqu\u00e9rito para investigar o epis\u00f3dio como tentativa de homic\u00eddio e coa\u00e7\u00e3o no curso do processo. Representantes da Ordem dos Advogados no estado destacam que o precedente \u00e9 essencial para resguardar profissionais do sexo feminino em situa\u00e7\u00f5es de hostilidade profissional, estendendo o bra\u00e7o da justi\u00e7a para al\u00e9m do \u00e2mbito estritamente familiar. Por Reda\u00e7\u00e3o Acontece Reprodu\u00e7\u00e3o<\/p>\n","protected":false},"excerpt":{"rendered":"<p>Advogada do PR ganha prote\u00e7\u00e3o in\u00e9dita da Lei Maria da Penha Em Curitiba, advogada recebe medida protetiva in\u00e9dita ap\u00f3s ser atacada por homem descontente com decis\u00e3o sobre pens\u00e3o aliment\u00edcia. Leia mais. Uma advogada de Curitiba obteve uma medida protetiva de urg\u00eancia in\u00e9dita no Paran\u00e1, amparada pela Lei Maria da Penha, ap\u00f3s sofrer um ataque motivado [&hellip;]<\/p>\n","protected":false},"author":0,"featured_media":35852,"comment_status":"open","ping_status":"open","sticky":false,"template":"","format":"standard","meta":{"footnotes":""},"categories":[18],"tags":[],"class_list":["post-35849","post","type-post","status-publish","format-standard","has-post-thumbnail","hentry","category-parana"],"_links":{"self":[{"href":"https:\/\/acontecenafronteira.com.br\/index.php\/wp-json\/wp\/v2\/posts\/35849","targetHints":{"allow":["GET"]}}],"collection":[{"href":"https:\/\/acontecenafronteira.com.br\/index.php\/wp-json\/wp\/v2\/posts"}],"about":[{"href":"https:\/\/acontecenafronteira.com.br\/index.php\/wp-json\/wp\/v2\/types\/post"}],"replies":[{"embeddable":true,"href":"https:\/\/acontecenafronteira.com.br\/index.php\/wp-json\/wp\/v2\/comments?post=35849"}],"version-history":[{"count":1,"href":"https:\/\/acontecenafronteira.com.br\/index.php\/wp-json\/wp\/v2\/posts\/35849\/revisions"}],"predecessor-version":[{"id":35851,"href":"https:\/\/acontecenafronteira.com.br\/index.php\/wp-json\/wp\/v2\/posts\/35849\/revisions\/35851"}],"wp:featuredmedia":[{"embeddable":true,"href":"https:\/\/acontecenafronteira.com.br\/index.php\/wp-json\/wp\/v2\/media\/35852"}],"wp:attachment":[{"href":"https:\/\/acontecenafronteira.com.br\/index.php\/wp-json\/wp\/v2\/media?parent=35849"}],"wp:term":[{"taxonomy":"category","embeddable":true,"href":"https:\/\/acontecenafronteira.com.br\/index.php\/wp-json\/wp\/v2\/categories?post=35849"},{"taxonomy":"post_tag","embeddable":true,"href":"https:\/\/acontecenafronteira.com.br\/index.php\/wp-json\/wp\/v2\/tags?post=35849"}],"curies":[{"name":"wp","href":"https:\/\/api.w.org\/{rel}","templated":true}]}}