{"id":35838,"date":"2026-09-05T05:36:54","date_gmt":"2026-09-05T08:36:54","guid":{"rendered":"https:\/\/acontecenafronteira.com.br\/?p=35838"},"modified":"2026-09-05T05:36:54","modified_gmt":"2026-09-05T08:36:54","slug":"eleicoes-parana-veja-a-agenda-dos-candidatos-ao-governo-estadual","status":"publish","type":"post","link":"https:\/\/acontecenafronteira.com.br\/index.php\/2026\/09\/05\/eleicoes-parana-veja-a-agenda-dos-candidatos-ao-governo-estadual\/","title":{"rendered":"Elei\u00e7\u00f5es Paran\u00e1: Veja a agenda dos candidatos ao governo estadual"},"content":{"rendered":"<p>A disputa pelo Pal\u00e1cio Igua\u00e7u movimenta o estado neste s\u00e1bado, com os postulantes ao cargo de governador intensificando suas atividades de campanha em territ\u00f3rio paranaense.<\/p>\n<h2>Agenda dos candidatos no Paran\u00e1<\/h2>\n<p>A corrida eleitoral no estado conta com diversos nomes na disputa, refletindo a pluralidade de propostas para os eleitores paranaenses neste pleito decisivo.<\/p>\n<h3>Compromissos pelo estado<\/h3>\n<p>Os concorrentes ao Executivo estadual priorizam o contato direto com a popula\u00e7\u00e3o, percorrendo munic\u00edpios estrat\u00e9gicos para apresentar suas plataformas de governo e conquistar votos.<\/p>\n<p>A programa\u00e7\u00e3o inclui caminhadas, reuni\u00f5es com lideran\u00e7as locais e com\u00edcios em diferentes regi\u00f5es do Paran\u00e1, buscando abranger o maior n\u00famero poss\u00edvel de eleitores antes do dia da vota\u00e7\u00e3o.<\/p>\n<p>Acompanhar a movimenta\u00e7\u00e3o dos candidatos \u00e9 fundamental para que o eleitor conhe\u00e7a as propostas e o ritmo de trabalho de cada concorrente ao longo do per\u00edodo de campanha oficial.<\/p>\n<p>Por Reda\u00e7\u00e3o Acontece<\/p>\n<p>Cr\u00e9ditos da imagem: Divulga\u00e7\u00e3o \/ Campanha Eleitoral<\/p>\n","protected":false},"excerpt":{"rendered":"<p>A disputa pelo Pal\u00e1cio Igua\u00e7u movimenta o estado neste s\u00e1bado, com os postulantes ao cargo de governador intensificando suas atividades de campanha em territ\u00f3rio paranaense. Agenda dos candidatos no Paran\u00e1 A corrida eleitoral no estado conta com diversos nomes na disputa, refletindo a pluralidade de propostas para os eleitores paranaenses neste pleito decisivo. Compromissos pelo [&hellip;]<\/p>\n","protected":false},"author":0,"featured_media":35848,"comment_status":"open","ping_status":"open","sticky":false,"template":"","format":"standard","meta":{"footnotes":""},"categories":[6],"tags":[],"class_list":["post-35838","post","type-post","status-publish","format-standard","has-post-thumbnail","hentry","category-mercosul"],"_links":{"self":[{"href":"https:\/\/acontecenafronteira.com.br\/index.php\/wp-json\/wp\/v2\/posts\/35838","targetHints":{"allow":["GET"]}}],"collection":[{"href":"https:\/\/acontecenafronteira.com.br\/index.php\/wp-json\/wp\/v2\/posts"}],"about":[{"href":"https:\/\/acontecenafronteira.com.br\/index.php\/wp-json\/wp\/v2\/types\/post"}],"replies":[{"embeddable":true,"href":"https:\/\/acontecenafronteira.com.br\/index.php\/wp-json\/wp\/v2\/comments?post=35838"}],"version-history":[{"count":1,"href":"https:\/\/acontecenafronteira.com.br\/index.php\/wp-json\/wp\/v2\/posts\/35838\/revisions"}],"predecessor-version":[{"id":35847,"href":"https:\/\/acontecenafronteira.com.br\/index.php\/wp-json\/wp\/v2\/posts\/35838\/revisions\/35847"}],"wp:featuredmedia":[{"embeddable":true,"href":"https:\/\/acontecenafronteira.com.br\/index.php\/wp-json\/wp\/v2\/media\/35848"}],"wp:attachment":[{"href":"https:\/\/acontecenafronteira.com.br\/index.php\/wp-json\/wp\/v2\/media?parent=35838"}],"wp:term":[{"taxonomy":"category","embeddable":true,"href":"https:\/\/acontecenafronteira.com.br\/index.php\/wp-json\/wp\/v2\/categories?post=35838"},{"taxonomy":"post_tag","embeddable":true,"href":"https:\/\/acontecenafronteira.com.br\/index.php\/wp-json\/wp\/v2\/tags?post=35838"}],"curies":[{"name":"wp","href":"https:\/\/api.w.org\/{rel}","templated":true}]}}