{"id":35837,"date":"2026-09-05T05:36:51","date_gmt":"2026-09-05T08:36:51","guid":{"rendered":"https:\/\/acontecenafronteira.com.br\/?p=35837"},"modified":"2026-09-05T05:36:51","modified_gmt":"2026-09-05T08:36:51","slug":"el-nino-no-parana-chuvas-e-secas-extremas-ameacam-o-estado","status":"publish","type":"post","link":"https:\/\/acontecenafronteira.com.br\/index.php\/2026\/09\/05\/el-nino-no-parana-chuvas-e-secas-extremas-ameacam-o-estado\/","title":{"rendered":"El Ni\u00f1o no Paran\u00e1: chuvas e secas extremas amea\u00e7am o estado"},"content":{"rendered":"<p>O estado do Paran\u00e1 entra em alerta diante da chegada de um dos maiores eventos de aquecimento das \u00e1guas do Oceano Pac\u00edfico Equatorial j\u00e1 registrados pela ci\u00eancia, exigindo aten\u00e7\u00e3o redobrada de produtores rurais e moradores das diferentes regi\u00f5es paranaenses.<\/p>\n<h2>O impacto do super El Ni\u00f1o na agricultura paranaense<\/h2>\n<p>Especialistas em meteorologia apontam que o fen\u00f4meno clim\u00e1tico trar\u00e1 modifica\u00e7\u00f5es severas no regime de chuvas e temperaturas em territ\u00f3rio paranaense, combinando per\u00edodos de estiagem prolongada com temporais de forte intensidade nos pr\u00f3ximos meses.<\/p>\n<p>A Organiza\u00e7\u00e3o Meteorol\u00f3gica Mundial indica que os reflexos dessas altera\u00e7\u00f5es atmosf\u00e9ricas globais devem se estender por um longo per\u00edodo, influenciando diretamente a produ\u00e7\u00e3o agr\u00edcola e a economia do estado do Paran\u00e1.<\/p>\n<h2>Medidas preventivas contra o clima extremo<\/h2>\n<p>Diante do cen\u00e1rio de instabilidade clim\u00e1tica severa impulsionado pelo El Ni\u00f1o, \u00f3rg\u00e3os de defesa civil recomendam que a popula\u00e7\u00e3o paranaense adote medidas preventivas e mantenha estoques b\u00e1sicos de suprimentos para eventuais situa\u00e7\u00f5es de isolamento causadas por tempestades severas.<\/p>\n<p>A prepara\u00e7\u00e3o comunit\u00e1ria e governamental torna-se indispens\u00e1vel para mitigar os danos provocados por eventos clim\u00e1ticos extremos, garantindo maior resili\u00eancia aos munic\u00edpios do interior e da regi\u00e3o metropolitana frente \u00e0s adversidades que se aproximam.<\/p>\n<p>Por Reda\u00e7\u00e3o Acontece<\/p>\n<p>Imagem: Divulga\u00e7\u00e3o \/ Arquivo<\/p>\n","protected":false},"excerpt":{"rendered":"<p>O estado do Paran\u00e1 entra em alerta diante da chegada de um dos maiores eventos de aquecimento das \u00e1guas do Oceano Pac\u00edfico Equatorial j\u00e1 registrados pela ci\u00eancia, exigindo aten\u00e7\u00e3o redobrada de produtores rurais e moradores das diferentes regi\u00f5es paranaenses. O impacto do super El Ni\u00f1o na agricultura paranaense Especialistas em meteorologia apontam que o fen\u00f4meno [&hellip;]<\/p>\n","protected":false},"author":0,"featured_media":35846,"comment_status":"open","ping_status":"open","sticky":false,"template":"","format":"standard","meta":{"footnotes":""},"categories":[6],"tags":[],"class_list":["post-35837","post","type-post","status-publish","format-standard","has-post-thumbnail","hentry","category-mercosul"],"_links":{"self":[{"href":"https:\/\/acontecenafronteira.com.br\/index.php\/wp-json\/wp\/v2\/posts\/35837","targetHints":{"allow":["GET"]}}],"collection":[{"href":"https:\/\/acontecenafronteira.com.br\/index.php\/wp-json\/wp\/v2\/posts"}],"about":[{"href":"https:\/\/acontecenafronteira.com.br\/index.php\/wp-json\/wp\/v2\/types\/post"}],"replies":[{"embeddable":true,"href":"https:\/\/acontecenafronteira.com.br\/index.php\/wp-json\/wp\/v2\/comments?post=35837"}],"version-history":[{"count":1,"href":"https:\/\/acontecenafronteira.com.br\/index.php\/wp-json\/wp\/v2\/posts\/35837\/revisions"}],"predecessor-version":[{"id":35845,"href":"https:\/\/acontecenafronteira.com.br\/index.php\/wp-json\/wp\/v2\/posts\/35837\/revisions\/35845"}],"wp:featuredmedia":[{"embeddable":true,"href":"https:\/\/acontecenafronteira.com.br\/index.php\/wp-json\/wp\/v2\/media\/35846"}],"wp:attachment":[{"href":"https:\/\/acontecenafronteira.com.br\/index.php\/wp-json\/wp\/v2\/media?parent=35837"}],"wp:term":[{"taxonomy":"category","embeddable":true,"href":"https:\/\/acontecenafronteira.com.br\/index.php\/wp-json\/wp\/v2\/categories?post=35837"},{"taxonomy":"post_tag","embeddable":true,"href":"https:\/\/acontecenafronteira.com.br\/index.php\/wp-json\/wp\/v2\/tags?post=35837"}],"curies":[{"name":"wp","href":"https:\/\/api.w.org\/{rel}","templated":true}]}}