{"id":35836,"date":"2026-09-05T05:36:47","date_gmt":"2026-09-05T08:36:47","guid":{"rendered":"https:\/\/acontecenafronteira.com.br\/?p=35836"},"modified":"2026-09-05T05:36:47","modified_gmt":"2026-09-05T08:36:47","slug":"marinho-busca-stf-e-diz-que-flavio-quer-dialogo-institucional","status":"publish","type":"post","link":"https:\/\/acontecenafronteira.com.br\/index.php\/2026\/09\/05\/marinho-busca-stf-e-diz-que-flavio-quer-dialogo-institucional\/","title":{"rendered":"Marinho busca STF e diz que Fl\u00e1vio quer di\u00e1logo institucional"},"content":{"rendered":"<p>O senador Rog\u00e9rio Marinho, respons\u00e1vel pela coordena\u00e7\u00e3o da campanha presidencial de Fl\u00e1vio Bolsonaro, buscou ministros do Supremo Tribunal Federal com o objetivo de indicar que uma eventual gest\u00e3o do PL buscar\u00e1 manter uma rela\u00e7\u00e3o institucional com o Judici\u00e1rio.<\/p>\n<h2>Reuni\u00e3o com o decano do STF<\/h2>\n<p>Na \u00faltima quarta-feira (2\/9), o parlamentar esteve reunido no gabinete com o ministro Gilmar Mendes, que ocupa o posto de decano da Corte. A ocorr\u00eancia do encontro foi confirmada pelo pr\u00f3prio senador potiguar ap\u00f3s veicula\u00e7\u00e3o inicial pela imprensa.<\/p>\n<p>Durante a conversa, Marinho destacou a import\u00e2ncia de estabelecer pontes e afirmou que, em caso de vit\u00f3ria no pleito, a inten\u00e7\u00e3o \u00e9 manter canais abertos de comunica\u00e7\u00e3o com o tribunal supremo do pa\u00eds.<\/p>\n<h2>Pr\u00f3ximos passos e conversas com a presid\u00eancia<\/h2>\n<p>Al\u00e9m da agenda cumprida com Gilmar Mendes, os planos da equipe de articula\u00e7\u00e3o pol\u00edtica incluem um pedido de audi\u00eancia com o presidente do STF, Edson Fachin.<\/p>\n<p>Contudo, a formaliza\u00e7\u00e3o desse novo encontro deve aguardar a diminui\u00e7\u00e3o das atuais tens\u00f5es pol\u00edticas e institucionais que envolvem o tribunal, segundo avaliam os estrategistas da campanha.<\/p>\n<p>Por Reda\u00e7\u00e3o Acontece<\/p>\n<p>Foto: Luis Nova\/Metr\u00f3poles<\/p>\n","protected":false},"excerpt":{"rendered":"<p>O senador Rog\u00e9rio Marinho, respons\u00e1vel pela coordena\u00e7\u00e3o da campanha presidencial de Fl\u00e1vio Bolsonaro, buscou ministros do Supremo Tribunal Federal com o objetivo de indicar que uma eventual gest\u00e3o do PL buscar\u00e1 manter uma rela\u00e7\u00e3o institucional com o Judici\u00e1rio. Reuni\u00e3o com o decano do STF Na \u00faltima quarta-feira (2\/9), o parlamentar esteve reunido no gabinete com [&hellip;]<\/p>\n","protected":false},"author":0,"featured_media":35844,"comment_status":"open","ping_status":"open","sticky":false,"template":"","format":"standard","meta":{"footnotes":""},"categories":[6],"tags":[],"class_list":["post-35836","post","type-post","status-publish","format-standard","has-post-thumbnail","hentry","category-mercosul"],"_links":{"self":[{"href":"https:\/\/acontecenafronteira.com.br\/index.php\/wp-json\/wp\/v2\/posts\/35836","targetHints":{"allow":["GET"]}}],"collection":[{"href":"https:\/\/acontecenafronteira.com.br\/index.php\/wp-json\/wp\/v2\/posts"}],"about":[{"href":"https:\/\/acontecenafronteira.com.br\/index.php\/wp-json\/wp\/v2\/types\/post"}],"replies":[{"embeddable":true,"href":"https:\/\/acontecenafronteira.com.br\/index.php\/wp-json\/wp\/v2\/comments?post=35836"}],"version-history":[{"count":1,"href":"https:\/\/acontecenafronteira.com.br\/index.php\/wp-json\/wp\/v2\/posts\/35836\/revisions"}],"predecessor-version":[{"id":35843,"href":"https:\/\/acontecenafronteira.com.br\/index.php\/wp-json\/wp\/v2\/posts\/35836\/revisions\/35843"}],"wp:featuredmedia":[{"embeddable":true,"href":"https:\/\/acontecenafronteira.com.br\/index.php\/wp-json\/wp\/v2\/media\/35844"}],"wp:attachment":[{"href":"https:\/\/acontecenafronteira.com.br\/index.php\/wp-json\/wp\/v2\/media?parent=35836"}],"wp:term":[{"taxonomy":"category","embeddable":true,"href":"https:\/\/acontecenafronteira.com.br\/index.php\/wp-json\/wp\/v2\/categories?post=35836"},{"taxonomy":"post_tag","embeddable":true,"href":"https:\/\/acontecenafronteira.com.br\/index.php\/wp-json\/wp\/v2\/tags?post=35836"}],"curies":[{"name":"wp","href":"https:\/\/api.w.org\/{rel}","templated":true}]}}