{"id":35835,"date":"2026-09-05T05:36:42","date_gmt":"2026-09-05T08:36:42","guid":{"rendered":"https:\/\/acontecenafronteira.com.br\/?p=35835"},"modified":"2026-09-05T05:36:42","modified_gmt":"2026-09-05T08:36:42","slug":"charge-do-aroeira-humor-grafico-na-politica-do-parana","status":"publish","type":"post","link":"https:\/\/acontecenafronteira.com.br\/index.php\/2026\/09\/05\/charge-do-aroeira-humor-grafico-na-politica-do-parana\/","title":{"rendered":"Charge do Aroeira: Humor gr\u00e1fico na pol\u00edtica do Paran\u00e1"},"content":{"rendered":"<p>O humor gr\u00e1fico ganha destaque no cen\u00e1rio pol\u00edtico brasileiro ao retratar os principais acontecimentos que movimentam o pa\u00eds e reverberam diretamente nos debates do estado do Paran\u00e1.<\/p>\n<h2>O papel do cartunista na pol\u00edtica atual<\/h2>\n<p>As produ\u00e7\u00f5es visuais assinadas pelo renomado cartunista Aroeira trazem uma leitura cr\u00edtica e sat\u00edrica sobre as decis\u00f5es governamentais, polariza\u00e7\u00f5es e os bastidores do poder em Bras\u00edlia.<\/p>\n<p>Esses registros visuais funcionam como importantes ferramentas de reflex\u00e3o para os cidad\u00e3os paranaenses interessados em acompanhar os desdobramentos da administra\u00e7\u00e3o federal e seus impactos regionais.<\/p>\n<h2>A repercuss\u00e3o das charges nos debates locais<\/h2>\n<p>A circula\u00e7\u00e3o dessas ilustra\u00e7\u00f5es sat\u00edricas costuma gerar intensos debates nas redes sociais e em espa\u00e7os p\u00fablicos de discuss\u00e3o pol\u00edtica em solo paranaense, dividindo opini\u00f5es entre diferentes correntes ideol\u00f3gicas.<\/p>\n<p>O uso da ironia e do sarcasmo nas artes visuais consolida-se como um meio tradicional de protesto e an\u00e1lise cr\u00edtica, mantendo viva a tradi\u00e7\u00e3o da caricatura na imprensa nacional.<\/p>\n<p>A an\u00e1lise constante do panorama pol\u00edtico por meio do humor gr\u00e1fico refor\u00e7a a liberdade de express\u00e3o e a pluralidade de ideias no cotidiano do pa\u00eds.<\/p>\n<p>Por Reda\u00e7\u00e3o Acontece<\/p>\n<p>Cr\u00e9ditos da imagem: Reprodu\u00e7\u00e3o \/ Redes sociais<\/p>\n","protected":false},"excerpt":{"rendered":"<p>O humor gr\u00e1fico ganha destaque no cen\u00e1rio pol\u00edtico brasileiro ao retratar os principais acontecimentos que movimentam o pa\u00eds e reverberam diretamente nos debates do estado do Paran\u00e1. O papel do cartunista na pol\u00edtica atual As produ\u00e7\u00f5es visuais assinadas pelo renomado cartunista Aroeira trazem uma leitura cr\u00edtica e sat\u00edrica sobre as decis\u00f5es governamentais, polariza\u00e7\u00f5es e os [&hellip;]<\/p>\n","protected":false},"author":0,"featured_media":35842,"comment_status":"open","ping_status":"open","sticky":false,"template":"","format":"standard","meta":{"footnotes":""},"categories":[6],"tags":[],"class_list":["post-35835","post","type-post","status-publish","format-standard","has-post-thumbnail","hentry","category-mercosul"],"_links":{"self":[{"href":"https:\/\/acontecenafronteira.com.br\/index.php\/wp-json\/wp\/v2\/posts\/35835","targetHints":{"allow":["GET"]}}],"collection":[{"href":"https:\/\/acontecenafronteira.com.br\/index.php\/wp-json\/wp\/v2\/posts"}],"about":[{"href":"https:\/\/acontecenafronteira.com.br\/index.php\/wp-json\/wp\/v2\/types\/post"}],"replies":[{"embeddable":true,"href":"https:\/\/acontecenafronteira.com.br\/index.php\/wp-json\/wp\/v2\/comments?post=35835"}],"version-history":[{"count":1,"href":"https:\/\/acontecenafronteira.com.br\/index.php\/wp-json\/wp\/v2\/posts\/35835\/revisions"}],"predecessor-version":[{"id":35841,"href":"https:\/\/acontecenafronteira.com.br\/index.php\/wp-json\/wp\/v2\/posts\/35835\/revisions\/35841"}],"wp:featuredmedia":[{"embeddable":true,"href":"https:\/\/acontecenafronteira.com.br\/index.php\/wp-json\/wp\/v2\/media\/35842"}],"wp:attachment":[{"href":"https:\/\/acontecenafronteira.com.br\/index.php\/wp-json\/wp\/v2\/media?parent=35835"}],"wp:term":[{"taxonomy":"category","embeddable":true,"href":"https:\/\/acontecenafronteira.com.br\/index.php\/wp-json\/wp\/v2\/categories?post=35835"},{"taxonomy":"post_tag","embeddable":true,"href":"https:\/\/acontecenafronteira.com.br\/index.php\/wp-json\/wp\/v2\/tags?post=35835"}],"curies":[{"name":"wp","href":"https:\/\/api.w.org\/{rel}","templated":true}]}}