{"id":35834,"date":"2026-09-05T05:36:38","date_gmt":"2026-09-05T08:36:38","guid":{"rendered":"https:\/\/acontecenafronteira.com.br\/?p=35834"},"modified":"2026-09-05T05:36:38","modified_gmt":"2026-09-05T08:36:38","slug":"tragedia-no-parana-foz-do-iguacu-reforca-apoio-psicologico","status":"publish","type":"post","link":"https:\/\/acontecenafronteira.com.br\/index.php\/2026\/09\/05\/tragedia-no-parana-foz-do-iguacu-reforca-apoio-psicologico\/","title":{"rendered":"Trag\u00e9dia no Paran\u00e1: Foz do Igua\u00e7u refor\u00e7a apoio psicol\u00f3gico"},"content":{"rendered":"<p>Casos extremos de surtos psic\u00f3ticos e trag\u00e9dias familiares t\u00eam acendido o alerta para a import\u00e2ncia do diagn\u00f3stico precoce de transtornos mentais em todo o Brasil, gerando debates sobre o suporte psicol\u00f3gico oferecido \u00e0s fam\u00edlias.<\/p>\n<h2>Canais de apoio e preven\u00e7\u00e3o no Paran\u00e1<\/h2>\n<p>A rede p\u00fablica de sa\u00fade e \u00f3rg\u00e3os especializados oferecem atendimento gratuito para pessoas que enfrentam sofrimento ps\u00edquico severo, garantindo suporte sigiloso e humanizado em momentos de crise.<\/p>\n<p>O Centro de Valoriza\u00e7\u00e3o da Vida (CVV) realiza apoio emocional e preven\u00e7\u00e3o do suic\u00eddio de forma volunt\u00e1ria e gratuita pelo telefone 188, atendendo 24 horas por dia por liga\u00e7\u00e3o, chat, e-mail e Skype.<\/p>\n<h3>Atendimento de urg\u00eancia e rede p\u00fablica<\/h3>\n<p>Em situa\u00e7\u00f5es de emerg\u00eancia psiqui\u00e1trica, o N\u00facleo de Sa\u00fade Mental (Nusam) do Samu presta socorro presencial por meio de ambul\u00e2ncias e orienta\u00e7\u00f5es \u00e0 dist\u00e2ncia pela Central de Regula\u00e7\u00e3o no n\u00famero 192.<\/p>\n<p>Al\u00e9m disso, o Sistema \u00danico de Sa\u00fade (SUS) disponibiliza acompanhamento especializado nos Centros de Aten\u00e7\u00e3o Psicossocial (CAPs), postos de sa\u00fade e hospitais da rede p\u00fablica, essenciais para o tratamento cont\u00ednuo de transtornos mentais.<\/p>\n<p>A busca por ajuda profissional \u00e9 fundamental para evitar desdobramentos tr\u00e1gicos decorrentes de crises psicol\u00f3gicas severas, refor\u00e7ando a necessidade de aten\u00e7\u00e3o \u00e0 sa\u00fade mental na sociedade.<\/p>\n<p>Por Reda\u00e7\u00e3o Acontece Cr\u00e9ditos da imagem: Divulga\u00e7\u00e3o<\/p>\n","protected":false},"excerpt":{"rendered":"<p>Casos extremos de surtos psic\u00f3ticos e trag\u00e9dias familiares t\u00eam acendido o alerta para a import\u00e2ncia do diagn\u00f3stico precoce de transtornos mentais em todo o Brasil, gerando debates sobre o suporte psicol\u00f3gico oferecido \u00e0s fam\u00edlias. Canais de apoio e preven\u00e7\u00e3o no Paran\u00e1 A rede p\u00fablica de sa\u00fade e \u00f3rg\u00e3os especializados oferecem atendimento gratuito para pessoas que [&hellip;]<\/p>\n","protected":false},"author":0,"featured_media":35840,"comment_status":"open","ping_status":"open","sticky":false,"template":"","format":"standard","meta":{"footnotes":""},"categories":[6],"tags":[],"class_list":["post-35834","post","type-post","status-publish","format-standard","has-post-thumbnail","hentry","category-mercosul"],"_links":{"self":[{"href":"https:\/\/acontecenafronteira.com.br\/index.php\/wp-json\/wp\/v2\/posts\/35834","targetHints":{"allow":["GET"]}}],"collection":[{"href":"https:\/\/acontecenafronteira.com.br\/index.php\/wp-json\/wp\/v2\/posts"}],"about":[{"href":"https:\/\/acontecenafronteira.com.br\/index.php\/wp-json\/wp\/v2\/types\/post"}],"replies":[{"embeddable":true,"href":"https:\/\/acontecenafronteira.com.br\/index.php\/wp-json\/wp\/v2\/comments?post=35834"}],"version-history":[{"count":1,"href":"https:\/\/acontecenafronteira.com.br\/index.php\/wp-json\/wp\/v2\/posts\/35834\/revisions"}],"predecessor-version":[{"id":35839,"href":"https:\/\/acontecenafronteira.com.br\/index.php\/wp-json\/wp\/v2\/posts\/35834\/revisions\/35839"}],"wp:featuredmedia":[{"embeddable":true,"href":"https:\/\/acontecenafronteira.com.br\/index.php\/wp-json\/wp\/v2\/media\/35840"}],"wp:attachment":[{"href":"https:\/\/acontecenafronteira.com.br\/index.php\/wp-json\/wp\/v2\/media?parent=35834"}],"wp:term":[{"taxonomy":"category","embeddable":true,"href":"https:\/\/acontecenafronteira.com.br\/index.php\/wp-json\/wp\/v2\/categories?post=35834"},{"taxonomy":"post_tag","embeddable":true,"href":"https:\/\/acontecenafronteira.com.br\/index.php\/wp-json\/wp\/v2\/tags?post=35834"}],"curies":[{"name":"wp","href":"https:\/\/api.w.org\/{rel}","templated":true}]}}