{"id":35823,"date":"2026-09-05T05:36:33","date_gmt":"2026-09-05T08:36:33","guid":{"rendered":"https:\/\/acontecenafronteira.com.br\/?p=35823"},"modified":"2026-09-05T05:36:33","modified_gmt":"2026-09-05T08:36:33","slug":"jet-lag-social-sono-irregular-aumenta-ansiedade-em-jovens","status":"publish","type":"post","link":"https:\/\/acontecenafronteira.com.br\/index.php\/2026\/09\/05\/jet-lag-social-sono-irregular-aumenta-ansiedade-em-jovens\/","title":{"rendered":"Jet lag social: sono irregular aumenta ansiedade em jovens"},"content":{"rendered":"<p>Estudantes paranaenses entre 12 e 18 anos que compensam o cansa\u00e7o dormindo at\u00e9 mais tarde nos fins de semana podem estar elevando os n\u00edveis de ansiedade. Uma ampla pesquisa internacional apontou que a irregularidade no descanso afeta diretamente a sa\u00fade mental dessa faixa et\u00e1ria.<\/p>\n<h2>O impacto do jet lag social nos estudantes<\/h2>\n<p>O fen\u00f4meno, conhecido como jet lag social, ocorre devido ao descompasso entre o rel\u00f3gio biol\u00f3gico do adolescente e as obriga\u00e7\u00f5es da rotina escolar semanal. Ao analisarem dados de mais de 235 mil jovens em oito investiga\u00e7\u00f5es cient\u00edficas distintas, os especialistas identificaram uma rela\u00e7\u00e3o direta entre essa mudan\u00e7a abrupta nos hor\u00e1rios de descanso e o aumento de sintomas ansiosos, como inquieta\u00e7\u00e3o e preocupa\u00e7\u00e3o excessiva.<\/p>\n<h2>A necessidade de um descanso adequado<\/h2>\n<p>Dados complementares publicados no peri\u00f3dico cient\u00edfico JAMA refor\u00e7am a gravidade do cen\u00e1rio, indicando que a grande maioria dos jovens dorme sete horas ou menos por noite, marca considerada insuficiente para o desenvolvimento adequado. Especialistas alertam que a priva\u00e7\u00e3o cr\u00f4nica de sono prejudica n\u00e3o apenas o sistema imunol\u00f3gico e a regenera\u00e7\u00e3o celular, mas tamb\u00e9m compromete fun\u00e7\u00f5es cerebrais vitais.<\/p>\n<p>Para garantir o bem-estar f\u00edsico e emocional, neurologistas recomendam que os adolescentes tenham entre oito e 10 horas de sono di\u00e1rias, mantendo hor\u00e1rios regulares inclusive aos s\u00e1bados e domingos para evitar desequil\u00edbrios no ritmo circadiano.<\/p>\n<p>Por Reda\u00e7\u00e3o Acontece<\/p>\n<p>Cr\u00e9ditos da imagem: Freepik<\/p>\n","protected":false},"excerpt":{"rendered":"<p>Estudantes paranaenses entre 12 e 18 anos que compensam o cansa\u00e7o dormindo at\u00e9 mais tarde nos fins de semana podem estar elevando os n\u00edveis de ansiedade. Uma ampla pesquisa internacional apontou que a irregularidade no descanso afeta diretamente a sa\u00fade mental dessa faixa et\u00e1ria. O impacto do jet lag social nos estudantes O fen\u00f4meno, conhecido [&hellip;]<\/p>\n","protected":false},"author":0,"featured_media":35833,"comment_status":"open","ping_status":"open","sticky":false,"template":"","format":"standard","meta":{"footnotes":""},"categories":[28],"tags":[],"class_list":["post-35823","post","type-post","status-publish","format-standard","has-post-thumbnail","hentry","category-mundo"],"_links":{"self":[{"href":"https:\/\/acontecenafronteira.com.br\/index.php\/wp-json\/wp\/v2\/posts\/35823","targetHints":{"allow":["GET"]}}],"collection":[{"href":"https:\/\/acontecenafronteira.com.br\/index.php\/wp-json\/wp\/v2\/posts"}],"about":[{"href":"https:\/\/acontecenafronteira.com.br\/index.php\/wp-json\/wp\/v2\/types\/post"}],"replies":[{"embeddable":true,"href":"https:\/\/acontecenafronteira.com.br\/index.php\/wp-json\/wp\/v2\/comments?post=35823"}],"version-history":[{"count":1,"href":"https:\/\/acontecenafronteira.com.br\/index.php\/wp-json\/wp\/v2\/posts\/35823\/revisions"}],"predecessor-version":[{"id":35832,"href":"https:\/\/acontecenafronteira.com.br\/index.php\/wp-json\/wp\/v2\/posts\/35823\/revisions\/35832"}],"wp:featuredmedia":[{"embeddable":true,"href":"https:\/\/acontecenafronteira.com.br\/index.php\/wp-json\/wp\/v2\/media\/35833"}],"wp:attachment":[{"href":"https:\/\/acontecenafronteira.com.br\/index.php\/wp-json\/wp\/v2\/media?parent=35823"}],"wp:term":[{"taxonomy":"category","embeddable":true,"href":"https:\/\/acontecenafronteira.com.br\/index.php\/wp-json\/wp\/v2\/categories?post=35823"},{"taxonomy":"post_tag","embeddable":true,"href":"https:\/\/acontecenafronteira.com.br\/index.php\/wp-json\/wp\/v2\/tags?post=35823"}],"curies":[{"name":"wp","href":"https:\/\/api.w.org\/{rel}","templated":true}]}}