{"id":35820,"date":"2026-09-05T05:36:10","date_gmt":"2026-09-05T08:36:10","guid":{"rendered":"https:\/\/acontecenafronteira.com.br\/?p=35820"},"modified":"2026-09-05T05:36:10","modified_gmt":"2026-09-05T08:36:10","slug":"foz-do-iguacu-reforca-seguranca-apos-aumento-de-furtos-e-roubos","status":"publish","type":"post","link":"https:\/\/acontecenafronteira.com.br\/index.php\/2026\/09\/05\/foz-do-iguacu-reforca-seguranca-apos-aumento-de-furtos-e-roubos\/","title":{"rendered":"Foz do Igua\u00e7u refor\u00e7a seguran\u00e7a ap\u00f3s aumento de furtos e roubos"},"content":{"rendered":"<p>Moradores de Foz do Igua\u00e7u enfrentam uma onda crescente de preocupa\u00e7\u00e3o com a criminalidade urbana, impulsionada por registros frequentes de roubos e furtos a transeuntes na regi\u00e3o de fronteira.<\/p>\n<p>H2 Impacto no cotidiano e rotas de fuga dos criminosos H3 A percep\u00e7\u00e3o da comunidade A sensa\u00e7\u00e3o de inseguran\u00e7a afeta diretamente a rotina das fam\u00edlias, que relatam constantes abordagens criminosas em vias de grande circula\u00e7\u00e3o e \u00e1reas comerciais movimentadas do munic\u00edpio paranaense.<\/p>\n<p>H3 Estrat\u00e9gias de enfrentamento Especialistas em seguran\u00e7a p\u00fablica destacam que a din\u00e2mica da cidade favorece os crimes de oportunidade, exigindo maior integra\u00e7\u00e3o entre as for\u00e7as policiais e o uso de intelig\u00eancia no patrulhamento ostensivo.<\/p>\n<p>H2 A\u00e7\u00f5es integradas e monitoramento tecnol\u00f3gico H3 Investimentos na infraestrutura urbana Para combater a criminalidade, autoridades de Foz do Igua\u00e7u planejam ampliar o monitoramento por c\u00e2meras inteligentes e melhorar a ilumina\u00e7\u00e3o p\u00fablica em pontos considerados cr\u00edticos.<\/p>\n<p>H3 Balan\u00e7o das opera\u00e7\u00f5es policiais As corpora\u00e7\u00f5es de seguran\u00e7a mant\u00eam opera\u00e7\u00f5es coordenadas para desarticular quadrilhas especializadas, contando com o apoio da popula\u00e7\u00e3o por meio de den\u00fancias an\u00f4nimas para reduzir os \u00edndices de criminalidade na cidade.<\/p>\n<p>A mobiliza\u00e7\u00e3o conjunta entre poder p\u00fablico e sociedade civil permanece fundamental para garantir a tranquilidade e a ordem nos bairros paranaenses afetados pela criminalidade urbana.<\/p>\n<p>Por Reda\u00e7\u00e3o Acontece<\/p>\n<p>Imagem: Divulga\u00e7\u00e3o \/ PM-PR<\/p>\n","protected":false},"excerpt":{"rendered":"<p>Moradores de Foz do Igua\u00e7u enfrentam uma onda crescente de preocupa\u00e7\u00e3o com a criminalidade urbana, impulsionada por registros frequentes de roubos e furtos a transeuntes na regi\u00e3o de fronteira. H2 Impacto no cotidiano e rotas de fuga dos criminosos H3 A percep\u00e7\u00e3o da comunidade A sensa\u00e7\u00e3o de inseguran\u00e7a afeta diretamente a rotina das fam\u00edlias, que [&hellip;]<\/p>\n","protected":false},"author":0,"featured_media":35827,"comment_status":"open","ping_status":"open","sticky":false,"template":"","format":"standard","meta":{"footnotes":""},"categories":[28],"tags":[],"class_list":["post-35820","post","type-post","status-publish","format-standard","has-post-thumbnail","hentry","category-mundo"],"_links":{"self":[{"href":"https:\/\/acontecenafronteira.com.br\/index.php\/wp-json\/wp\/v2\/posts\/35820","targetHints":{"allow":["GET"]}}],"collection":[{"href":"https:\/\/acontecenafronteira.com.br\/index.php\/wp-json\/wp\/v2\/posts"}],"about":[{"href":"https:\/\/acontecenafronteira.com.br\/index.php\/wp-json\/wp\/v2\/types\/post"}],"replies":[{"embeddable":true,"href":"https:\/\/acontecenafronteira.com.br\/index.php\/wp-json\/wp\/v2\/comments?post=35820"}],"version-history":[{"count":1,"href":"https:\/\/acontecenafronteira.com.br\/index.php\/wp-json\/wp\/v2\/posts\/35820\/revisions"}],"predecessor-version":[{"id":35826,"href":"https:\/\/acontecenafronteira.com.br\/index.php\/wp-json\/wp\/v2\/posts\/35820\/revisions\/35826"}],"wp:featuredmedia":[{"embeddable":true,"href":"https:\/\/acontecenafronteira.com.br\/index.php\/wp-json\/wp\/v2\/media\/35827"}],"wp:attachment":[{"href":"https:\/\/acontecenafronteira.com.br\/index.php\/wp-json\/wp\/v2\/media?parent=35820"}],"wp:term":[{"taxonomy":"category","embeddable":true,"href":"https:\/\/acontecenafronteira.com.br\/index.php\/wp-json\/wp\/v2\/categories?post=35820"},{"taxonomy":"post_tag","embeddable":true,"href":"https:\/\/acontecenafronteira.com.br\/index.php\/wp-json\/wp\/v2\/tags?post=35820"}],"curies":[{"name":"wp","href":"https:\/\/api.w.org\/{rel}","templated":true}]}}