{"id":35819,"date":"2026-09-05T05:35:58","date_gmt":"2026-09-05T08:35:58","guid":{"rendered":"https:\/\/acontecenafronteira.com.br\/?p=35819"},"modified":"2026-09-05T05:35:58","modified_gmt":"2026-09-05T08:35:58","slug":"fim-da-escala-6x1-impacto-na-vida-do-trabalhador-e-debatido","status":"publish","type":"post","link":"https:\/\/acontecenafronteira.com.br\/index.php\/2026\/09\/05\/fim-da-escala-6x1-impacto-na-vida-do-trabalhador-e-debatido\/","title":{"rendered":"Fim da escala 6&#215;1: impacto na vida do trabalhador \u00e9 debatido"},"content":{"rendered":"<p>Mais de 60% dos trabalhadores brasileiros relatam que a atual jornada de trabalho, baseada na escala 6&#215;1 que concede apenas uma folga semanal, compromete de forma significativa diversos aspectos de suas vidas pessoais e bem-estar geral.<\/p>\n<h2>O debate sobre a jornada 6&#215;1<\/h2>\n<p>O avan\u00e7o das discuss\u00f5es em torno do projeto governamental voltado para o fim da escala 6&#215;1 tem enfrentado obst\u00e1culos devido \u00e0 intensidade das pautas pol\u00edticas atuais, o que frequentemente empurra essa pauta essencial para segundo plano nas prioridades legislativas.<\/p>\n<h3>A rea\u00e7\u00e3o da classe trabalhadora<\/h3>\n<p>Pesquisas recentes indicam que a exig\u00eancia de seis dias consecutivos de labor gera esgotamento f\u00edsico e mental, limitando o conv\u00edvio familiar, o lazer e o desenvolvimento educacional dos cidad\u00e3os que dependem desse modelo de contrata\u00e7\u00e3o.<\/p>\n<p>Enquanto os debates pol\u00edticos continuam a dominar o notici\u00e1rio nacional, representantes sindicais e defensores da pauta cobram celeridade na tramita\u00e7\u00e3o de alternativas que garantam um equil\u00edbrio mais saud\u00e1vel entre a vida profissional e a esfera privada.<\/p>\n<p>A expectativa de mudan\u00e7as nas leis trabalhistas permanece no radar de milh\u00f5es de empregados, que aguardam desdobramentos concretos sobre a flexibiliza\u00e7\u00e3o e a redu\u00e7\u00e3o das horas dedicadas exclusivamente \u00e0s atividades laborais.<\/p>\n<p>Por Reda\u00e7\u00e3o Acontece<\/p>\n<p>Cr\u00e9ditos da imagem: Divulga\u00e7\u00e3o<\/p>\n","protected":false},"excerpt":{"rendered":"<p>Mais de 60% dos trabalhadores brasileiros relatam que a atual jornada de trabalho, baseada na escala 6&#215;1 que concede apenas uma folga semanal, compromete de forma significativa diversos aspectos de suas vidas pessoais e bem-estar geral. O debate sobre a jornada 6&#215;1 O avan\u00e7o das discuss\u00f5es em torno do projeto governamental voltado para o fim [&hellip;]<\/p>\n","protected":false},"author":0,"featured_media":35825,"comment_status":"open","ping_status":"open","sticky":false,"template":"","format":"standard","meta":{"footnotes":""},"categories":[28],"tags":[],"class_list":["post-35819","post","type-post","status-publish","format-standard","has-post-thumbnail","hentry","category-mundo"],"_links":{"self":[{"href":"https:\/\/acontecenafronteira.com.br\/index.php\/wp-json\/wp\/v2\/posts\/35819","targetHints":{"allow":["GET"]}}],"collection":[{"href":"https:\/\/acontecenafronteira.com.br\/index.php\/wp-json\/wp\/v2\/posts"}],"about":[{"href":"https:\/\/acontecenafronteira.com.br\/index.php\/wp-json\/wp\/v2\/types\/post"}],"replies":[{"embeddable":true,"href":"https:\/\/acontecenafronteira.com.br\/index.php\/wp-json\/wp\/v2\/comments?post=35819"}],"version-history":[{"count":1,"href":"https:\/\/acontecenafronteira.com.br\/index.php\/wp-json\/wp\/v2\/posts\/35819\/revisions"}],"predecessor-version":[{"id":35824,"href":"https:\/\/acontecenafronteira.com.br\/index.php\/wp-json\/wp\/v2\/posts\/35819\/revisions\/35824"}],"wp:featuredmedia":[{"embeddable":true,"href":"https:\/\/acontecenafronteira.com.br\/index.php\/wp-json\/wp\/v2\/media\/35825"}],"wp:attachment":[{"href":"https:\/\/acontecenafronteira.com.br\/index.php\/wp-json\/wp\/v2\/media?parent=35819"}],"wp:term":[{"taxonomy":"category","embeddable":true,"href":"https:\/\/acontecenafronteira.com.br\/index.php\/wp-json\/wp\/v2\/categories?post=35819"},{"taxonomy":"post_tag","embeddable":true,"href":"https:\/\/acontecenafronteira.com.br\/index.php\/wp-json\/wp\/v2\/tags?post=35819"}],"curies":[{"name":"wp","href":"https:\/\/api.w.org\/{rel}","templated":true}]}}