{"id":35808,"date":"2026-09-05T04:37:44","date_gmt":"2026-09-05T07:37:44","guid":{"rendered":"https:\/\/acontecenafronteira.com.br\/?p=35808"},"modified":"2026-09-05T04:37:44","modified_gmt":"2026-09-05T07:37:44","slug":"foz-do-iguacu-campeonatos-e-noticias-locais-do-parana","status":"publish","type":"post","link":"https:\/\/acontecenafronteira.com.br\/index.php\/2026\/09\/05\/foz-do-iguacu-campeonatos-e-noticias-locais-do-parana\/","title":{"rendered":"Foz do Igua\u00e7u: Campeonatos e Not\u00edcias Locais do Paran\u00e1"},"content":{"rendered":"<p>A cidade de <strong>Foz do Igua\u00e7u<\/strong> se destaca no cen\u00e1rio esportivo e informativo do estado do Paran\u00e1, trazendo atualiza\u00e7\u00f5es constantes sobre competi\u00e7\u00f5es locais e nacionais.<\/p>\n<h2>Futebol em Foz do Igua\u00e7u e no Paran\u00e1<\/h2>\n<p>Os torcedores acompanham de perto os principais campeonatos de futebol, com foco especial nas equipes de <strong>Foz do Igua\u00e7u<\/strong> e nos torneios de grande relev\u00e2ncia nacional, como o Brasileir\u00e3o, a Copa do Brasil e a Copa Libertadores da Am\u00e9rica.<\/p>\n<h3>Cobertura Esportiva Regional<\/h3>\n<p>As disputas movimentam a economia e o turismo da Tr\u00edplice Fronteria, atraindo f\u00e3s de esporte para a regi\u00e3o oeste paranaense.<\/p>\n<p>A gest\u00e3o de eventos esportivos e o desenvolvimento de novos talentos continuam sendo prioridades para impulsionar a visibilidade do munic\u00edpio no cen\u00e1rio estadual.<\/p>\n<p>Por Reda\u00e7\u00e3o Acontece<\/p>\n<p>Foto: Divula\u00e7\u00e3o\/Prefeitura<\/p>\n","protected":false},"excerpt":{"rendered":"<p>A cidade de Foz do Igua\u00e7u se destaca no cen\u00e1rio esportivo e informativo do estado do Paran\u00e1, trazendo atualiza\u00e7\u00f5es constantes sobre competi\u00e7\u00f5es locais e nacionais. Futebol em Foz do Igua\u00e7u e no Paran\u00e1 Os torcedores acompanham de perto os principais campeonatos de futebol, com foco especial nas equipes de Foz do Igua\u00e7u e nos torneios [&hellip;]<\/p>\n","protected":false},"author":0,"featured_media":35818,"comment_status":"open","ping_status":"open","sticky":false,"template":"","format":"standard","meta":{"footnotes":""},"categories":[6],"tags":[],"class_list":["post-35808","post","type-post","status-publish","format-standard","has-post-thumbnail","hentry","category-mercosul"],"_links":{"self":[{"href":"https:\/\/acontecenafronteira.com.br\/index.php\/wp-json\/wp\/v2\/posts\/35808","targetHints":{"allow":["GET"]}}],"collection":[{"href":"https:\/\/acontecenafronteira.com.br\/index.php\/wp-json\/wp\/v2\/posts"}],"about":[{"href":"https:\/\/acontecenafronteira.com.br\/index.php\/wp-json\/wp\/v2\/types\/post"}],"replies":[{"embeddable":true,"href":"https:\/\/acontecenafronteira.com.br\/index.php\/wp-json\/wp\/v2\/comments?post=35808"}],"version-history":[{"count":1,"href":"https:\/\/acontecenafronteira.com.br\/index.php\/wp-json\/wp\/v2\/posts\/35808\/revisions"}],"predecessor-version":[{"id":35817,"href":"https:\/\/acontecenafronteira.com.br\/index.php\/wp-json\/wp\/v2\/posts\/35808\/revisions\/35817"}],"wp:featuredmedia":[{"embeddable":true,"href":"https:\/\/acontecenafronteira.com.br\/index.php\/wp-json\/wp\/v2\/media\/35818"}],"wp:attachment":[{"href":"https:\/\/acontecenafronteira.com.br\/index.php\/wp-json\/wp\/v2\/media?parent=35808"}],"wp:term":[{"taxonomy":"category","embeddable":true,"href":"https:\/\/acontecenafronteira.com.br\/index.php\/wp-json\/wp\/v2\/categories?post=35808"},{"taxonomy":"post_tag","embeddable":true,"href":"https:\/\/acontecenafronteira.com.br\/index.php\/wp-json\/wp\/v2\/tags?post=35808"}],"curies":[{"name":"wp","href":"https:\/\/api.w.org\/{rel}","templated":true}]}}