{"id":35807,"date":"2026-09-05T04:37:40","date_gmt":"2026-09-05T07:37:40","guid":{"rendered":"https:\/\/acontecenafronteira.com.br\/?p=35807"},"modified":"2026-09-05T04:37:40","modified_gmt":"2026-09-05T07:37:40","slug":"frente-fria-e-geada-atingem-o-sul-do-parana-no-feriadao","status":"publish","type":"post","link":"https:\/\/acontecenafronteira.com.br\/index.php\/2026\/09\/05\/frente-fria-e-geada-atingem-o-sul-do-parana-no-feriadao\/","title":{"rendered":"Frente fria e geada atingem o sul do Paran\u00e1 no feriad\u00e3o"},"content":{"rendered":"<p>Moradores e turistas que planejam aproveitar o feriad\u00e3o prolongado de 7 de Setembro no Paran\u00e1 precisam se preparar para uma mudan\u00e7a dr\u00e1stica nas condi\u00e7\u00f5es meteorol\u00f3gicas. De acordo com o Instituto Nacional de Meteorologia (Inmet), a chegada de uma forte frente fria ao centro-sudeste do pa\u00eds vai provocar instabilidade, chuvas isoladas e uma acentuada queda nos term\u00f4metros em territ\u00f3rio paranaense entre s\u00e1bado (5) e ter\u00e7a-feira (8).<\/p>\n<h2>Alerta de frio intenso e geada no Paran\u00e1<\/h2>\n<p>O avan\u00e7o de uma massa de ar polar vai derrubar as temperaturas de maneira significativa em solo paranaense. O principal destaque da previs\u00e3o do tempo para o estado \u00e9 o risco elevado de geada, especialmente nas regi\u00f5es de divisa e no <strong>sul do Paran\u00e1<\/strong>, onde as madrugadas ser\u00e3o geladas com marcas bastante baixas.<\/p>\n<p>Enquanto o sul paranaense enfrenta o frio rigoroso, outras \u00e1reas do estado poder\u00e3o registrar chuvas e trovoadas isoladas associadas \u00e0 instabilidade que cruza a Regi\u00e3o Sul e parte do Sudeste brasileiro durante o per\u00edodo festivo.<\/p>\n<h2>Impacto da frente fria no restante do pa\u00eds<\/h2>\n<p>A perturba\u00e7\u00e3o atmosf\u00e9rica tamb\u00e9m afeta estados vizinhos e outras regi\u00f5es do territ\u00f3rio nacional. No Rio Grande do Sul e nas serras de Santa Catarina, as m\u00ednimas podem atingir at\u00e9 5 \u00b0C nas capitais, com forte incid\u00eancia de geada nas primeiras horas do dia.<\/p>\n<p>No Sudeste, capitais como S\u00e3o Paulo e Rio de Janeiro entram em alerta para temporais entre s\u00e1bado e domingo, seguidas por uma brusca descompress\u00e3o t\u00e9rmica que far\u00e1 os term\u00f4metros despencarem a partir de segunda-feira.<\/p>\n<p>O fen\u00f4meno clim\u00e1tico de grande amplitude t\u00e9rmica refor\u00e7a a necessidade de aten\u00e7\u00e3o redobrada para quem vai pegar as estradas durante o feriado prolongado, exigindo agasalhos refor\u00e7ados e cuidados com a queda repentina de temperatura em solo paranaense.<\/p>\n<p>Por Reda\u00e7\u00e3o Acontece<\/p>\n<p>Imagem: Divulga\u00e7\u00e3o \/ Inmet<\/p>\n","protected":false},"excerpt":{"rendered":"<p>Moradores e turistas que planejam aproveitar o feriad\u00e3o prolongado de 7 de Setembro no Paran\u00e1 precisam se preparar para uma mudan\u00e7a dr\u00e1stica nas condi\u00e7\u00f5es meteorol\u00f3gicas. De acordo com o Instituto Nacional de Meteorologia (Inmet), a chegada de uma forte frente fria ao centro-sudeste do pa\u00eds vai provocar instabilidade, chuvas isoladas e uma acentuada queda nos [&hellip;]<\/p>\n","protected":false},"author":0,"featured_media":35816,"comment_status":"open","ping_status":"open","sticky":false,"template":"","format":"standard","meta":{"footnotes":""},"categories":[6],"tags":[],"class_list":["post-35807","post","type-post","status-publish","format-standard","has-post-thumbnail","hentry","category-mercosul"],"_links":{"self":[{"href":"https:\/\/acontecenafronteira.com.br\/index.php\/wp-json\/wp\/v2\/posts\/35807","targetHints":{"allow":["GET"]}}],"collection":[{"href":"https:\/\/acontecenafronteira.com.br\/index.php\/wp-json\/wp\/v2\/posts"}],"about":[{"href":"https:\/\/acontecenafronteira.com.br\/index.php\/wp-json\/wp\/v2\/types\/post"}],"replies":[{"embeddable":true,"href":"https:\/\/acontecenafronteira.com.br\/index.php\/wp-json\/wp\/v2\/comments?post=35807"}],"version-history":[{"count":1,"href":"https:\/\/acontecenafronteira.com.br\/index.php\/wp-json\/wp\/v2\/posts\/35807\/revisions"}],"predecessor-version":[{"id":35815,"href":"https:\/\/acontecenafronteira.com.br\/index.php\/wp-json\/wp\/v2\/posts\/35807\/revisions\/35815"}],"wp:featuredmedia":[{"embeddable":true,"href":"https:\/\/acontecenafronteira.com.br\/index.php\/wp-json\/wp\/v2\/media\/35816"}],"wp:attachment":[{"href":"https:\/\/acontecenafronteira.com.br\/index.php\/wp-json\/wp\/v2\/media?parent=35807"}],"wp:term":[{"taxonomy":"category","embeddable":true,"href":"https:\/\/acontecenafronteira.com.br\/index.php\/wp-json\/wp\/v2\/categories?post=35807"},{"taxonomy":"post_tag","embeddable":true,"href":"https:\/\/acontecenafronteira.com.br\/index.php\/wp-json\/wp\/v2\/tags?post=35807"}],"curies":[{"name":"wp","href":"https:\/\/api.w.org\/{rel}","templated":true}]}}