{"id":35806,"date":"2026-09-05T04:37:15","date_gmt":"2026-09-05T07:37:15","guid":{"rendered":"https:\/\/acontecenafronteira.com.br\/?p=35806"},"modified":"2026-09-05T04:37:15","modified_gmt":"2026-09-05T07:37:15","slug":"impacto-de-bukele-na-seguranca-do-parana-e-do-brasil-em-2026","status":"publish","type":"post","link":"https:\/\/acontecenafronteira.com.br\/index.php\/2026\/09\/05\/impacto-de-bukele-na-seguranca-do-parana-e-do-brasil-em-2026\/","title":{"rendered":"Impacto de Bukele na seguran\u00e7a do Paran\u00e1 e do Brasil em 2026"},"content":{"rendered":"<p>A estrat\u00e9gia de seguran\u00e7a p\u00fablica adotada por Nayib Bukele em El Salvador virou o principal modelo para pol\u00edticos da direita brasileira que miram as elei\u00e7\u00f5es de 2026, gerando debates intensos sobre a viabilidade dessas medidas no cen\u00e1rio nacional e estadual.<\/p>\n<h2>Propostas de endurecimento penal no Brasil<\/h2>\n<p>\nNomes como Fl\u00e1vio Bolsonaro (PL), Renan Santos (Miss\u00e3o) e Romeu Zema (Novo) passaram a defender discursos focados em pris\u00f5es severas, expans\u00e3o das vagas no sistema carcer\u00e1rio, retomada de \u00e1reas dominadas por fac\u00e7\u00f5es e uma postura implac\u00e1vel contra a criminalidade organizada, inspirando-se abertamente na chamada toler\u00e2ncia zero implementada na Am\u00e9rica Central.<\/p>\n<h2>Os limites impostos pela Constitui\u00e7\u00e3o de 1988<\/h2>\n<p>\nEspecialistas em direito apontam que a principal barreira para copiar o estilo salvadorenho est\u00e1 na Carta Magna brasileira. O regime de exce\u00e7\u00e3o criado por Bukele suspendeu direitos b\u00e1sicos e garantias fundamentais \u2014 como habeas corpus, contradit\u00f3rio e ampla defesa \u2014, pilares do ordenamento jur\u00eddico do Brasil que impedem a reprodu\u00e7\u00e3o exata de pris\u00f5es em massa sem o devido processo legal.<\/p>\n<h2>Diferen\u00e7as estruturais do crime organizado<\/h2>\n<p>\nAl\u00e9m do obst\u00e1culo legal, fac\u00e7\u00f5es brasileiras como o PCC e o Comando Vermelho possuem ramifica\u00e7\u00f5es transnacionais e redes robustas de lavagem de dinheiro, diferindo das gangues salvadorenhas. Outro ponto cr\u00edtico \u00e9 que as maiores organiza\u00e7\u00f5es do Brasil nasceram dentro dos pr\u00f3prios pres\u00eddios, o que significa que o encarceramento em massa sem controle estatal rigoroso pode, ironicamente, fortalecer o recrutamento interno para o crime.<\/p>\n<p>Por Reda\u00e7\u00e3o Acontece<\/p>\n<p>Foto: Divulga\u00e7\u00e3o<\/p>\n","protected":false},"excerpt":{"rendered":"<p>A estrat\u00e9gia de seguran\u00e7a p\u00fablica adotada por Nayib Bukele em El Salvador virou o principal modelo para pol\u00edticos da direita brasileira que miram as elei\u00e7\u00f5es de 2026, gerando debates intensos sobre a viabilidade dessas medidas no cen\u00e1rio nacional e estadual. Propostas de endurecimento penal no Brasil Nomes como Fl\u00e1vio Bolsonaro (PL), Renan Santos (Miss\u00e3o) e [&hellip;]<\/p>\n","protected":false},"author":0,"featured_media":35814,"comment_status":"open","ping_status":"open","sticky":false,"template":"","format":"standard","meta":{"footnotes":""},"categories":[6],"tags":[],"class_list":["post-35806","post","type-post","status-publish","format-standard","has-post-thumbnail","hentry","category-mercosul"],"_links":{"self":[{"href":"https:\/\/acontecenafronteira.com.br\/index.php\/wp-json\/wp\/v2\/posts\/35806","targetHints":{"allow":["GET"]}}],"collection":[{"href":"https:\/\/acontecenafronteira.com.br\/index.php\/wp-json\/wp\/v2\/posts"}],"about":[{"href":"https:\/\/acontecenafronteira.com.br\/index.php\/wp-json\/wp\/v2\/types\/post"}],"replies":[{"embeddable":true,"href":"https:\/\/acontecenafronteira.com.br\/index.php\/wp-json\/wp\/v2\/comments?post=35806"}],"version-history":[{"count":1,"href":"https:\/\/acontecenafronteira.com.br\/index.php\/wp-json\/wp\/v2\/posts\/35806\/revisions"}],"predecessor-version":[{"id":35813,"href":"https:\/\/acontecenafronteira.com.br\/index.php\/wp-json\/wp\/v2\/posts\/35806\/revisions\/35813"}],"wp:featuredmedia":[{"embeddable":true,"href":"https:\/\/acontecenafronteira.com.br\/index.php\/wp-json\/wp\/v2\/media\/35814"}],"wp:attachment":[{"href":"https:\/\/acontecenafronteira.com.br\/index.php\/wp-json\/wp\/v2\/media?parent=35806"}],"wp:term":[{"taxonomy":"category","embeddable":true,"href":"https:\/\/acontecenafronteira.com.br\/index.php\/wp-json\/wp\/v2\/categories?post=35806"},{"taxonomy":"post_tag","embeddable":true,"href":"https:\/\/acontecenafronteira.com.br\/index.php\/wp-json\/wp\/v2\/tags?post=35806"}],"curies":[{"name":"wp","href":"https:\/\/api.w.org\/{rel}","templated":true}]}}